{"id":2311,"date":"2018-03-15T10:34:18","date_gmt":"2018-03-15T10:34:18","guid":{"rendered":"http:\/\/www.visita-valencia.com\/los-jardines-del-turia-pulmon-verde"},"modified":"2018-07-30T11:37:57","modified_gmt":"2018-07-30T11:37:57","slug":"los-jardines-del-turia-pulmon-verde","status":"publish","type":"post","link":"https:\/\/www.visita-valencia.com\/en\/los-jardines-del-turia-pulmon-verde","title":{"rendered":"TURIA PARK, OUR GREEN LUNG"},"content":{"rendered":"<p class=\"Poromisin\" style=\"text-align: justify;\"><span lang=\"EN-US\">&#8220;Valencia lives with its back\u00a0<\/span>to\u00a0<span lang=\"EN-US\">the sea&#8221; is a phrase that we <\/span>sometimes <span lang=\"EN-US\">hear <\/span>b<span lang=\"EN-US\">ut, wh<\/span>at <span lang=\"EN-US\">exactly <\/span>is its meaning?\u00a0<span lang=\"EN-US\">We <\/span>will <span lang=\"EN-US\">explain it to you<\/span>.\u00a0<span lang=\"EN-US\">Although it is\u00a0<\/span>difficult <span lang=\"EN-US\">to believe, the relationship between Valencia and the sea has always been quite distant<\/span>. Keep in mind that <span lang=\"IT\">Roman Valen<\/span>c<span lang=\"EN-US\">ia was founded on a fluvial island located <\/span>very <span lang=\"EN-US\">far from the sea, about four kilometers. <\/span>So<span lang=\"EN-US\">, the origin of Valencia was not linked to the sea but to its river.<\/span><\/p>\n<p class=\"Poromisin\" style=\"text-align: justify;\"><span lang=\"EN-US\">Two thousand years after <\/span>its\u00a0<span lang=\"EN-US\">foundation, <\/span>us Valencians <span lang=\"EN-US\">continue to have a very special relationship with our river Turia, which we still call <\/span>a <span lang=\"EN-US\">river although <\/span>we know perfectly <span lang=\"EN-US\">it no longer <\/span>has any <span lang=\"NL\">water<\/span>in it.<\/p>\n<p class=\"Poromisin\" style=\"text-align: justify;\">So,\u00a0<span lang=\"EN-US\">what happened to this river? The answer is the <\/span>\u201cRiada del 57\u201d (\u201cThe flood of 1957\u201d in English) when <span lang=\"EN-US\">the river overflowed after several days of torrential rains. <\/span>After that, t<span lang=\"EN-US\">o avoid future floods, the <\/span>river course <span lang=\"EN-US\">was diverted <\/span>to<span lang=\"EN-US\">the south part of the city with a new\u00a0<\/span>estuary\u00a0<span lang=\"EN-US\">and the old <\/span>riverbed <span lang=\"EN-US\">became <\/span>a beautiful park<span lang=\"EN-US\">.\u00a0<\/span>W<span lang=\"EN-US\">ho was going to imagine that after that <\/span>terrible\u00a0<span lang=\"EN-US\">catastrophe, this ancient river woul<\/span>d <span lang=\"EN-US\">today <\/span>be\u00a0<span lang=\"EN-US\">one of the jewels of Valencia, our green lung.<\/span><\/p>\n<p class=\"Poromisin\" style=\"text-align: justify;\"><span lang=\"EN-US\">At this point<\/span>,I would like to <span lang=\"EN-US\">emphasize the <\/span>significance\u00a0<span lang=\"EN-US\">of the Valencian people\u00a0<\/span>with this project<span lang=\"EN-US\">, because thanks to them we enjoy <\/span>the park today<span lang=\"EN-US\">. During the <\/span>19<span lang=\"EN-US\">70<\/span>s\u00a0<span lang=\"EN-US\">a <\/span>m<span lang=\"EN-US\">ass<\/span><span lang=\"EN-US\">mobili<\/span>s<span lang=\"EN-US\">ation was developed with the motto &#8220;The river is ours and we want it green<\/span>\u201d. This public pressure meant the river became a park and not a <span lang=\"EN-US\">highway. I do not want to imagine how different Valencia would be with <\/span>a\u00a0<span lang=\"EN-US\">horrible asphalt road<\/span>.<\/p>\n<p class=\"Poromisin\" style=\"text-align: justify;\"><span lang=\"EN-US\">So thanks to them, today we have a <\/span>park\u00a0<span lang=\"EN-US\">of almost 10 kilometers in length. But <\/span>it is <span lang=\"EN-US\">not just a <\/span>park<span lang=\"EN-US\">, <\/span>it is <span lang=\"EN-US\">also a place for sports, for children and for culture.<\/span><\/p>\n<p class=\"Poromisin\" style=\"text-align: justify;\">Now <span lang=\"EN-US\">I would like to give you some recommendations on how and when you can visit it and some of the options it offers\u00a0<\/span>you<span lang=\"EN-US\">.<\/span><\/p>\n<p class=\"Poromisin\" style=\"text-align: justify;\"><span lang=\"EN-US\">Undoubtedly<\/span>,<span lang=\"EN-US\">one of the best options is to <\/span>explore the Turia Park on a bike<span lang=\"EN-US\">. Valencia is a flat city, so do not panic if you have not been cycling for a while because the<\/span>it <span lang=\"EN-US\">is very <\/span>easy <span lang=\"EN-US\">and you just have to worry about enjoying the <\/span>wonderful <span lang=\"EN-US\">atmosphere. <\/span>Y<span lang=\"EN-US\">ou can rent a bi<\/span>ke <span lang=\"EN-US\">in <\/span>manybike shops in <span lang=\"EN-US\">Valencia. One of my trusted <\/span>partners<span lang=\"EN-US\">is <a href=\"http:\/\/www.doyoubikerental.com\">Do You Bike<\/a>\u00a0, <\/span>who have shops\u00a0<span lang=\"EN-US\">in different parts\u00a0<\/span><span lang=\"EN-US\">of the city. Another very fun <\/span>option<span lang=\"EN-US\">is to do it <\/span>with\u00a0<span lang=\"EN-US\"><a href=\"http:\/\/www.cyclobikesvalencia.com\">cyclobikes<\/a> with capacity <\/span>for up to <span lang=\"EN-US\">6 people. You can find them at <a href=\"http:\/\/www.cyclobikesvalencia.com\">Cyclo Bikes Valencia<\/a>, located inside <\/span>of\u00a0<span lang=\"EN-US\">the <\/span>Turia<span lang=\"EN-US\">, <\/span>close <span lang=\"EN-US\">t<\/span>o<span lang=\"EN-US\">\u00a0Gulliver<\/span>\u00b4s\u00a0<span lang=\"EN-US\">Park.<\/span><\/p>\n<p class=\"Poromisin\" style=\"text-align: justify;\"><span lang=\"EN-US\">And <\/span>talking about\u00a0<span lang=\"EN-US\">Gulliver&#8230; If you come to <a href=\"http:\/\/www.visita-valencia.com\/valencia-una-ciudad-ninos\">Valencia with children<\/a>, Gulliver<\/span>\u00b4s\u00a0<span lang=\"EN-US\">Park is\u00a0<\/span>a <span lang=\"IT\">mandatory\u00a0<\/span>stop<span lang=\"EN-US\">. It is a monumental sculpture <\/span>of Gulliver which is\u00a0<span lang=\"NL\">70 meters <\/span>long <span lang=\"EN-US\">in which his entire body\u00a0<\/span>consists of\u00a0<span lang=\"EN-US\">slides, ramps and stairs for children <\/span>and they <span lang=\"EN-US\">feel like the Lilliputians of the story of Gulliver&#8217;s Travels, written by Jonathan Swift. It is open every day and admission is free<\/span>.<\/p>\n<p class=\"Poromisin\" style=\"text-align: justify;\">Nevertheless, the <span lang=\"EN-US\">T<\/span>u<span lang=\"IT\">ria <\/span>Park <span lang=\"EN-US\">is not just <\/span>for sports and children<span lang=\"EN-US\">, there <\/span>are\u00a0<span lang=\"EN-US\">also <\/span>places <span lang=\"EN-US\">for culture<\/span>, such as <span lang=\"EN-US\">the <a href=\"http:\/\/www.visita-valencia.com\/visitas-guiadas-tours-valencia\/ciudad-artes-ciencias\">City of Arts and Sciences<\/a> or the Palau de la Musica, a place dedicated to music and other cultural events made by the Sevillian architect Jose Mar\u00ed<\/span>a Garc<span lang=\"EN-US\">\u00eda de Paredes and where its outer columns remind us of two staves.<\/span><\/p>\n<p class=\"Poromisin\" style=\"text-align: justify;\"><span lang=\"EN-US\">So do not hesitate, if you come to Valencia, you have to dedicate <\/span>at least a\u00a0<span lang=\"EN-US\">morning to our green lung called the Jardines del T\u00faria!<\/span><\/p>\n","protected":false},"excerpt":{"rendered":"<p>&#8220;Valencia lives with its back\u00a0to\u00a0the sea&#8221; is a phrase that we sometimes hear but, what exactly is its meaning?\u00a0We will explain it to you.\u00a0Although it [&hellip;]<\/p>\n","protected":false},"author":1,"featured_media":1845,"comment_status":"open","ping_status":"open","sticky":false,"template":"","format":"gallery","meta":{"footnotes":""},"categories":[123,124],"tags":[125,126,127,128,129,130,131,132,133,134,135],"class_list":["post-2311","post","type-post","status-publish","format-gallery","has-post-thumbnail","hentry","category-informacion-practica-sobre-valencia-en","category-tours-en-valencia-en","tag-ciudad-de-las-artes-y-las-ciencias-en","tag-gran-riada-de-valencia-en","tag-jardines-del-turia-en","tag-palau-de-la-musica-en","tag-parque-del-gulliver-en","tag-riada-el-57-en","tag-tour-en-bicicleta-en-valencia-en","tag-valencia-para-ninos-en","tag-visita-guiada-valencia-en","tag-visita-valencia-en","tag-zonas-verdes-valencia-en","post_format-post-format-gallery"],"yoast_head":"<!-- This site is optimized with the Yoast SEO plugin v27.5 - https:\/\/yoast.com\/product\/yoast-seo-wordpress\/ -->\n<title>Los Jardines de Turia un espacio \u00fanico en Valencia | Visita-Valencia<\/title>\n<meta name=\"description\" content=\"Descubre todo lo que hay que saber Los Jardines de Turia en Valencia. Un espacio \u00fanico y extraordinario para visitar en Valencia. \u00a1Desc\u00fabrelos!\" \/>\n<meta name=\"robots\" content=\"index, follow, max-snippet:-1, max-image-preview:large, max-video-preview:-1\" \/>\n<link rel=\"canonical\" href=\"https:\/\/www.visita-valencia.com\/los-jardines-del-turia-pulmon-verde\" \/>\n<meta property=\"og:locale\" content=\"en_US\" \/>\n<meta property=\"og:type\" content=\"article\" \/>\n<meta property=\"og:title\" content=\"Los Jardines de Turia un espacio \u00fanico en Valencia | Visita-Valencia\" \/>\n<meta property=\"og:description\" content=\"Descubre todo lo que hay que saber Los Jardines de Turia en Valencia. Un espacio \u00fanico y extraordinario para visitar en Valencia. \u00a1Desc\u00fabrelos!\" \/>\n<meta property=\"og:url\" content=\"https:\/\/www.visita-valencia.com\/los-jardines-del-turia-pulmon-verde\" \/>\n<meta property=\"og:site_name\" content=\"Gu\u00eda tur\u00edstica de Valencia\" \/>\n<meta property=\"article:published_time\" content=\"2018-03-15T10:34:18+00:00\" \/>\n<meta property=\"article:modified_time\" content=\"2018-07-30T11:37:57+00:00\" \/>\n<meta property=\"og:image\" content=\"https:\/\/www.visita-valencia.com\/wp-content\/uploads\/2018\/03\/Palau-de-les-Arts-Reina-Sof\u00eda-web.jpg\" \/>\n\t<meta property=\"og:image:width\" content=\"1132\" \/>\n\t<meta property=\"og:image:height\" content=\"750\" \/>\n\t<meta property=\"og:image:type\" content=\"image\/jpeg\" \/>\n<meta name=\"author\" content=\"Visita\" \/>\n<meta name=\"twitter:card\" content=\"summary_large_image\" \/>\n<meta name=\"twitter:label1\" content=\"Written by\" \/>\n\t<meta name=\"twitter:data1\" content=\"Visita\" \/>\n\t<meta name=\"twitter:label2\" content=\"Est. reading time\" \/>\n\t<meta name=\"twitter:data2\" content=\"3 minutes\" \/>\n<script type=\"application\/ld+json\" class=\"yoast-schema-graph\">{\"@context\":\"https:\\\/\\\/schema.org\",\"@graph\":[{\"@type\":\"Article\",\"@id\":\"https:\\\/\\\/www.visita-valencia.com\\\/los-jardines-del-turia-pulmon-verde#article\",\"isPartOf\":{\"@id\":\"https:\\\/\\\/www.visita-valencia.com\\\/los-jardines-del-turia-pulmon-verde\"},\"author\":{\"name\":\"Visita\",\"@id\":\"https:\\\/\\\/www.visita-valencia.com\\\/#\\\/schema\\\/person\\\/499cd30a7351987307d19dafcc9c6871\"},\"headline\":\"TURIA PARK, OUR GREEN LUNG\",\"datePublished\":\"2018-03-15T10:34:18+00:00\",\"dateModified\":\"2018-07-30T11:37:57+00:00\",\"mainEntityOfPage\":{\"@id\":\"https:\\\/\\\/www.visita-valencia.com\\\/los-jardines-del-turia-pulmon-verde\"},\"wordCount\":602,\"commentCount\":0,\"publisher\":{\"@id\":\"https:\\\/\\\/www.visita-valencia.com\\\/#organization\"},\"image\":{\"@id\":\"https:\\\/\\\/www.visita-valencia.com\\\/los-jardines-del-turia-pulmon-verde#primaryimage\"},\"thumbnailUrl\":\"https:\\\/\\\/www.visita-valencia.com\\\/wp-content\\\/uploads\\\/2018\\\/03\\\/Palau-de-les-Arts-Reina-Sof\u00eda-web.jpg\",\"keywords\":[\"Ciudad de las Artes y las Ciencias\",\"Gran Riada de Valencia\",\"Jardines del Turia\",\"Palau de la Musica\",\"Parque del Gulliver\",\"Riada el 57\",\"Tour en bicicleta en Valencia\",\"Valencia para ni\u00f1os\",\"Visita guiada Valencia\",\"visita valencia\",\"Zonas verdes Valencia\"],\"articleSection\":[\"Informaci\u00f3n pr\u00e1ctica sobre Valencia\",\"Tours en Valencia\"],\"inLanguage\":\"en-US\",\"potentialAction\":[{\"@type\":\"CommentAction\",\"name\":\"Comment\",\"target\":[\"https:\\\/\\\/www.visita-valencia.com\\\/los-jardines-del-turia-pulmon-verde#respond\"]}]},{\"@type\":\"WebPage\",\"@id\":\"https:\\\/\\\/www.visita-valencia.com\\\/los-jardines-del-turia-pulmon-verde\",\"url\":\"https:\\\/\\\/www.visita-valencia.com\\\/los-jardines-del-turia-pulmon-verde\",\"name\":\"Los Jardines de Turia un espacio \u00fanico en Valencia | Visita-Valencia\",\"isPartOf\":{\"@id\":\"https:\\\/\\\/www.visita-valencia.com\\\/#website\"},\"primaryImageOfPage\":{\"@id\":\"https:\\\/\\\/www.visita-valencia.com\\\/los-jardines-del-turia-pulmon-verde#primaryimage\"},\"image\":{\"@id\":\"https:\\\/\\\/www.visita-valencia.com\\\/los-jardines-del-turia-pulmon-verde#primaryimage\"},\"thumbnailUrl\":\"https:\\\/\\\/www.visita-valencia.com\\\/wp-content\\\/uploads\\\/2018\\\/03\\\/Palau-de-les-Arts-Reina-Sof\u00eda-web.jpg\",\"datePublished\":\"2018-03-15T10:34:18+00:00\",\"dateModified\":\"2018-07-30T11:37:57+00:00\",\"description\":\"Descubre todo lo que hay que saber Los Jardines de Turia en Valencia. Un espacio \u00fanico y extraordinario para visitar en Valencia. \u00a1Desc\u00fabrelos!\",\"breadcrumb\":{\"@id\":\"https:\\\/\\\/www.visita-valencia.com\\\/los-jardines-del-turia-pulmon-verde#breadcrumb\"},\"inLanguage\":\"en-US\",\"potentialAction\":[{\"@type\":\"ReadAction\",\"target\":[\"https:\\\/\\\/www.visita-valencia.com\\\/los-jardines-del-turia-pulmon-verde\"]}]},{\"@type\":\"ImageObject\",\"inLanguage\":\"en-US\",\"@id\":\"https:\\\/\\\/www.visita-valencia.com\\\/los-jardines-del-turia-pulmon-verde#primaryimage\",\"url\":\"https:\\\/\\\/www.visita-valencia.com\\\/wp-content\\\/uploads\\\/2018\\\/03\\\/Palau-de-les-Arts-Reina-Sof\u00eda-web.jpg\",\"contentUrl\":\"https:\\\/\\\/www.visita-valencia.com\\\/wp-content\\\/uploads\\\/2018\\\/03\\\/Palau-de-les-Arts-Reina-Sof\u00eda-web.jpg\",\"width\":1132,\"height\":750,\"caption\":\"visitas guiadas en valencia\"},{\"@type\":\"BreadcrumbList\",\"@id\":\"https:\\\/\\\/www.visita-valencia.com\\\/los-jardines-del-turia-pulmon-verde#breadcrumb\",\"itemListElement\":[{\"@type\":\"ListItem\",\"position\":1,\"name\":\"Portada\",\"item\":\"https:\\\/\\\/www.visita-valencia.com\\\/en\"},{\"@type\":\"ListItem\",\"position\":2,\"name\":\"TURIA PARK, OUR GREEN LUNG\"}]},{\"@type\":\"WebSite\",\"@id\":\"https:\\\/\\\/www.visita-valencia.com\\\/#website\",\"url\":\"https:\\\/\\\/www.visita-valencia.com\\\/\",\"name\":\"Gu\u00eda tur\u00edstica de Valencia\",\"description\":\"Visitas guiadas en Valencia\",\"publisher\":{\"@id\":\"https:\\\/\\\/www.visita-valencia.com\\\/#organization\"},\"potentialAction\":[{\"@type\":\"SearchAction\",\"target\":{\"@type\":\"EntryPoint\",\"urlTemplate\":\"https:\\\/\\\/www.visita-valencia.com\\\/?s={search_term_string}\"},\"query-input\":{\"@type\":\"PropertyValueSpecification\",\"valueRequired\":true,\"valueName\":\"search_term_string\"}}],\"inLanguage\":\"en-US\"},{\"@type\":\"Organization\",\"@id\":\"https:\\\/\\\/www.visita-valencia.com\\\/#organization\",\"name\":\"Visita-Valencia\",\"url\":\"https:\\\/\\\/www.visita-valencia.com\\\/\",\"logo\":{\"@type\":\"ImageObject\",\"inLanguage\":\"en-US\",\"@id\":\"https:\\\/\\\/www.visita-valencia.com\\\/#\\\/schema\\\/logo\\\/image\\\/\",\"url\":\"http:\\\/\\\/www.visita-valencia.com\\\/wp-content\\\/uploads\\\/2018\\\/01\\\/logo-VV-blanco-web.png\",\"contentUrl\":\"http:\\\/\\\/www.visita-valencia.com\\\/wp-content\\\/uploads\\\/2018\\\/01\\\/logo-VV-blanco-web.png\",\"width\":241,\"height\":84,\"caption\":\"Visita-Valencia\"},\"image\":{\"@id\":\"https:\\\/\\\/www.visita-valencia.com\\\/#\\\/schema\\\/logo\\\/image\\\/\"}},{\"@type\":\"Person\",\"@id\":\"https:\\\/\\\/www.visita-valencia.com\\\/#\\\/schema\\\/person\\\/499cd30a7351987307d19dafcc9c6871\",\"name\":\"Visita\",\"image\":{\"@type\":\"ImageObject\",\"inLanguage\":\"en-US\",\"@id\":\"https:\\\/\\\/secure.gravatar.com\\\/avatar\\\/d1aedb2e4a71b868a620916cae82d968254291ed5fcb78d088031183d61de1fd?s=96&d=mm&r=g\",\"url\":\"https:\\\/\\\/secure.gravatar.com\\\/avatar\\\/d1aedb2e4a71b868a620916cae82d968254291ed5fcb78d088031183d61de1fd?s=96&d=mm&r=g\",\"contentUrl\":\"https:\\\/\\\/secure.gravatar.com\\\/avatar\\\/d1aedb2e4a71b868a620916cae82d968254291ed5fcb78d088031183d61de1fd?s=96&d=mm&r=g\",\"caption\":\"Visita\"},\"url\":\"https:\\\/\\\/www.visita-valencia.com\\\/en\\\/author\\\/visita\"}]}<\/script>\n<!-- \/ Yoast SEO plugin. -->","yoast_head_json":{"title":"Los Jardines de Turia un espacio \u00fanico en Valencia | Visita-Valencia","description":"Descubre todo lo que hay que saber Los Jardines de Turia en Valencia. Un espacio \u00fanico y extraordinario para visitar en Valencia. \u00a1Desc\u00fabrelos!","robots":{"index":"index","follow":"follow","max-snippet":"max-snippet:-1","max-image-preview":"max-image-preview:large","max-video-preview":"max-video-preview:-1"},"canonical":"https:\/\/www.visita-valencia.com\/los-jardines-del-turia-pulmon-verde","og_locale":"en_US","og_type":"article","og_title":"Los Jardines de Turia un espacio \u00fanico en Valencia | Visita-Valencia","og_description":"Descubre todo lo que hay que saber Los Jardines de Turia en Valencia. Un espacio \u00fanico y extraordinario para visitar en Valencia. \u00a1Desc\u00fabrelos!","og_url":"https:\/\/www.visita-valencia.com\/los-jardines-del-turia-pulmon-verde","og_site_name":"Gu\u00eda tur\u00edstica de Valencia","article_published_time":"2018-03-15T10:34:18+00:00","article_modified_time":"2018-07-30T11:37:57+00:00","og_image":[{"width":1132,"height":750,"url":"https:\/\/www.visita-valencia.com\/wp-content\/uploads\/2018\/03\/Palau-de-les-Arts-Reina-Sof\u00eda-web.jpg","type":"image\/jpeg"}],"author":"Visita","twitter_card":"summary_large_image","twitter_misc":{"Written by":"Visita","Est. reading time":"3 minutes"},"schema":{"@context":"https:\/\/schema.org","@graph":[{"@type":"Article","@id":"https:\/\/www.visita-valencia.com\/los-jardines-del-turia-pulmon-verde#article","isPartOf":{"@id":"https:\/\/www.visita-valencia.com\/los-jardines-del-turia-pulmon-verde"},"author":{"name":"Visita","@id":"https:\/\/www.visita-valencia.com\/#\/schema\/person\/499cd30a7351987307d19dafcc9c6871"},"headline":"TURIA PARK, OUR GREEN LUNG","datePublished":"2018-03-15T10:34:18+00:00","dateModified":"2018-07-30T11:37:57+00:00","mainEntityOfPage":{"@id":"https:\/\/www.visita-valencia.com\/los-jardines-del-turia-pulmon-verde"},"wordCount":602,"commentCount":0,"publisher":{"@id":"https:\/\/www.visita-valencia.com\/#organization"},"image":{"@id":"https:\/\/www.visita-valencia.com\/los-jardines-del-turia-pulmon-verde#primaryimage"},"thumbnailUrl":"https:\/\/www.visita-valencia.com\/wp-content\/uploads\/2018\/03\/Palau-de-les-Arts-Reina-Sof\u00eda-web.jpg","keywords":["Ciudad de las Artes y las Ciencias","Gran Riada de Valencia","Jardines del Turia","Palau de la Musica","Parque del Gulliver","Riada el 57","Tour en bicicleta en Valencia","Valencia para ni\u00f1os","Visita guiada Valencia","visita valencia","Zonas verdes Valencia"],"articleSection":["Informaci\u00f3n pr\u00e1ctica sobre Valencia","Tours en Valencia"],"inLanguage":"en-US","potentialAction":[{"@type":"CommentAction","name":"Comment","target":["https:\/\/www.visita-valencia.com\/los-jardines-del-turia-pulmon-verde#respond"]}]},{"@type":"WebPage","@id":"https:\/\/www.visita-valencia.com\/los-jardines-del-turia-pulmon-verde","url":"https:\/\/www.visita-valencia.com\/los-jardines-del-turia-pulmon-verde","name":"Los Jardines de Turia un espacio \u00fanico en Valencia | Visita-Valencia","isPartOf":{"@id":"https:\/\/www.visita-valencia.com\/#website"},"primaryImageOfPage":{"@id":"https:\/\/www.visita-valencia.com\/los-jardines-del-turia-pulmon-verde#primaryimage"},"image":{"@id":"https:\/\/www.visita-valencia.com\/los-jardines-del-turia-pulmon-verde#primaryimage"},"thumbnailUrl":"https:\/\/www.visita-valencia.com\/wp-content\/uploads\/2018\/03\/Palau-de-les-Arts-Reina-Sof\u00eda-web.jpg","datePublished":"2018-03-15T10:34:18+00:00","dateModified":"2018-07-30T11:37:57+00:00","description":"Descubre todo lo que hay que saber Los Jardines de Turia en Valencia. Un espacio \u00fanico y extraordinario para visitar en Valencia. \u00a1Desc\u00fabrelos!","breadcrumb":{"@id":"https:\/\/www.visita-valencia.com\/los-jardines-del-turia-pulmon-verde#breadcrumb"},"inLanguage":"en-US","potentialAction":[{"@type":"ReadAction","target":["https:\/\/www.visita-valencia.com\/los-jardines-del-turia-pulmon-verde"]}]},{"@type":"ImageObject","inLanguage":"en-US","@id":"https:\/\/www.visita-valencia.com\/los-jardines-del-turia-pulmon-verde#primaryimage","url":"https:\/\/www.visita-valencia.com\/wp-content\/uploads\/2018\/03\/Palau-de-les-Arts-Reina-Sof\u00eda-web.jpg","contentUrl":"https:\/\/www.visita-valencia.com\/wp-content\/uploads\/2018\/03\/Palau-de-les-Arts-Reina-Sof\u00eda-web.jpg","width":1132,"height":750,"caption":"visitas guiadas en valencia"},{"@type":"BreadcrumbList","@id":"https:\/\/www.visita-valencia.com\/los-jardines-del-turia-pulmon-verde#breadcrumb","itemListElement":[{"@type":"ListItem","position":1,"name":"Portada","item":"https:\/\/www.visita-valencia.com\/en"},{"@type":"ListItem","position":2,"name":"TURIA PARK, OUR GREEN LUNG"}]},{"@type":"WebSite","@id":"https:\/\/www.visita-valencia.com\/#website","url":"https:\/\/www.visita-valencia.com\/","name":"Gu\u00eda tur\u00edstica de Valencia","description":"Visitas guiadas en Valencia","publisher":{"@id":"https:\/\/www.visita-valencia.com\/#organization"},"potentialAction":[{"@type":"SearchAction","target":{"@type":"EntryPoint","urlTemplate":"https:\/\/www.visita-valencia.com\/?s={search_term_string}"},"query-input":{"@type":"PropertyValueSpecification","valueRequired":true,"valueName":"search_term_string"}}],"inLanguage":"en-US"},{"@type":"Organization","@id":"https:\/\/www.visita-valencia.com\/#organization","name":"Visita-Valencia","url":"https:\/\/www.visita-valencia.com\/","logo":{"@type":"ImageObject","inLanguage":"en-US","@id":"https:\/\/www.visita-valencia.com\/#\/schema\/logo\/image\/","url":"http:\/\/www.visita-valencia.com\/wp-content\/uploads\/2018\/01\/logo-VV-blanco-web.png","contentUrl":"http:\/\/www.visita-valencia.com\/wp-content\/uploads\/2018\/01\/logo-VV-blanco-web.png","width":241,"height":84,"caption":"Visita-Valencia"},"image":{"@id":"https:\/\/www.visita-valencia.com\/#\/schema\/logo\/image\/"}},{"@type":"Person","@id":"https:\/\/www.visita-valencia.com\/#\/schema\/person\/499cd30a7351987307d19dafcc9c6871","name":"Visita","image":{"@type":"ImageObject","inLanguage":"en-US","@id":"https:\/\/secure.gravatar.com\/avatar\/d1aedb2e4a71b868a620916cae82d968254291ed5fcb78d088031183d61de1fd?s=96&d=mm&r=g","url":"https:\/\/secure.gravatar.com\/avatar\/d1aedb2e4a71b868a620916cae82d968254291ed5fcb78d088031183d61de1fd?s=96&d=mm&r=g","contentUrl":"https:\/\/secure.gravatar.com\/avatar\/d1aedb2e4a71b868a620916cae82d968254291ed5fcb78d088031183d61de1fd?s=96&d=mm&r=g","caption":"Visita"},"url":"https:\/\/www.visita-valencia.com\/en\/author\/visita"}]}},"_links":{"self":[{"href":"https:\/\/www.visita-valencia.com\/en\/wp-json\/wp\/v2\/posts\/2311","targetHints":{"allow":["GET"]}}],"collection":[{"href":"https:\/\/www.visita-valencia.com\/en\/wp-json\/wp\/v2\/posts"}],"about":[{"href":"https:\/\/www.visita-valencia.com\/en\/wp-json\/wp\/v2\/types\/post"}],"author":[{"embeddable":true,"href":"https:\/\/www.visita-valencia.com\/en\/wp-json\/wp\/v2\/users\/1"}],"replies":[{"embeddable":true,"href":"https:\/\/www.visita-valencia.com\/en\/wp-json\/wp\/v2\/comments?post=2311"}],"version-history":[{"count":4,"href":"https:\/\/www.visita-valencia.com\/en\/wp-json\/wp\/v2\/posts\/2311\/revisions"}],"predecessor-version":[{"id":2471,"href":"https:\/\/www.visita-valencia.com\/en\/wp-json\/wp\/v2\/posts\/2311\/revisions\/2471"}],"wp:featuredmedia":[{"embeddable":true,"href":"https:\/\/www.visita-valencia.com\/en\/wp-json\/wp\/v2\/media\/1845"}],"wp:attachment":[{"href":"https:\/\/www.visita-valencia.com\/en\/wp-json\/wp\/v2\/media?parent=2311"}],"wp:term":[{"taxonomy":"category","embeddable":true,"href":"https:\/\/www.visita-valencia.com\/en\/wp-json\/wp\/v2\/categories?post=2311"},{"taxonomy":"post_tag","embeddable":true,"href":"https:\/\/www.visita-valencia.com\/en\/wp-json\/wp\/v2\/tags?post=2311"}],"curies":[{"name":"wp","href":"https:\/\/api.w.org\/{rel}","templated":true}]}}