{"id":2726,"date":"2019-12-04T19:00:26","date_gmt":"2019-12-04T19:00:26","guid":{"rendered":"http:\/\/www.visita-valencia.com\/tradicion-doce-uvas"},"modified":"2019-12-04T19:00:26","modified_gmt":"2019-12-04T19:00:26","slug":"tradicion-doce-uvas","status":"publish","type":"post","link":"https:\/\/www.visita-valencia.com\/en\/tradicion-doce-uvas","title":{"rendered":"LA TRADICI\u00d3N DE LAS DOCE UVAS"},"content":{"rendered":"<p style=\"text-align: justify;\">Queda muy poco para la Navidad, la Nochevieja y la entrada del nuevo a\u00f1o y con todo ello llegan cientos de tradiciones que nos acompa\u00f1an desde bien peque\u00f1os. Sin duda <strong>una de las principales tradiciones en nuestra cultura navide\u00f1a es la de comer las dos uvas de la suerte<\/strong> cuando el d\u00eda 31 de diciembre nuestro relojes marcan las 12 de la noche.<\/p>\n<p style=\"text-align: justify;\"><span style=\"font-weight: 400;\">Pero, \u00bfsab\u00e9is de d\u00f3nde viene esta tradici\u00f3n y cu\u00e1ndo comenz\u00f3? Hoy desde el <a href=\"http:\/\/www.visita-valencia.com\/blog-turismo-valencia\" target=\"_blank\" rel=\"noopener\">blog de Visita Valencia<\/a> te lo contamos todo.<\/span><\/p>\n<p style=\"text-align: justify;\"><span style=\"font-weight: 400;\">Hay dos teor\u00edas sobre el cu\u00e1ndo y el por qu\u00e9 de la <strong>tradici\u00f3n de las doce uvas<\/strong>.<\/span><\/p>\n<p style=\"text-align: justify;\"><span style=\"font-weight: 400;\">Una de ellas se remonta al 1909 a ra\u00edz de un excedente de cosecha de uva blanca de la variedad aledo en la comarca alicantina del Medio Vinalop\u00f3. Los productores de la zona intentaron incrementar sus ventas y dar m\u00e1s salida al producto con una innovadora campa\u00f1a de Navidad vendi\u00e9ndolas como<strong> \u201clas 12 uvas de la suerte\u201d<\/strong>.<\/span><\/p>\n<p style=\"text-align: justify;\"><span style=\"font-weight: 400;\">La otra teor\u00eda es anterior y la sit\u00faa en la d\u00e9cada del 1880. Ya en el siglo XIX exist\u00eda la costumbre entre la burgues\u00eda espa\u00f1ola, imitando a la francesa, de comer uvas y brindar con champ\u00e1n para despedir el a\u00f1o. Por aquel entonces, el ayuntamiento de Madrid prohibi\u00f3 los festejos callejeros que se celebraban la noche de Reyes. As\u00ed que los madrile\u00f1os y madrile\u00f1as, enfadados por haberles arrebatado su diversi\u00f3n navide\u00f1a, decidieron reunirse en la Puerta del Sol para escuchar las campanadas y comer uvas\u00a0<\/span><span style=\"font-weight: 400;\">como burla de la costumbre arist\u00f3crata y en se\u00f1al de protesta contra las restricciones del ayuntamiento. Y mira por d\u00f3nde, lo que empez\u00f3 como una burla y una iron\u00eda de cuatro madrile\u00f1os cabreados, ha acabado siendo una costumbre imprescindible en los hogares espa\u00f1oles. Y no s\u00f3lo es costumbre en Espa\u00f1a, sino tambi\u00e9n en tierras lejanas como Am\u00e9rica Latina. Aunque all\u00ed, como no es temporada de esta fruta, muchos toman uvas pasas en vez de frescas, pero al fin y al cabo es lo mismo porque lo importante es la ilusi\u00f3n, los deseos y la magia del momento.<\/span><\/p>\n<p><img decoding=\"async\" class=\"size-full wp-image-2716 aligncenter\" src=\"http:\/\/www.visita-valencia.com\/wp-content\/uploads\/2019\/12\/plaza-puerta-sol.jpg\" alt=\"plaza puerta del sol \" width=\"800\" height=\"533\" srcset=\"https:\/\/www.visita-valencia.com\/wp-content\/uploads\/2019\/12\/plaza-puerta-sol-200x133.jpg 200w, https:\/\/www.visita-valencia.com\/wp-content\/uploads\/2019\/12\/plaza-puerta-sol-300x200.jpg 300w, https:\/\/www.visita-valencia.com\/wp-content\/uploads\/2019\/12\/plaza-puerta-sol-400x267.jpg 400w, https:\/\/www.visita-valencia.com\/wp-content\/uploads\/2019\/12\/plaza-puerta-sol-600x400.jpg 600w, https:\/\/www.visita-valencia.com\/wp-content\/uploads\/2019\/12\/plaza-puerta-sol-768x512.jpg 768w, https:\/\/www.visita-valencia.com\/wp-content\/uploads\/2019\/12\/plaza-puerta-sol.jpg 800w\" sizes=\"(max-width: 800px) 100vw, 800px\" \/><\/p>\n<p style=\"text-align: justify;\"><span style=\"font-weight: 400;\">Sin embargo, es curioso pensar como esto lleg\u00f3 a tierras americanas pero en pa\u00edses vecinos la tradici\u00f3n es muy muy diferente. <\/span><\/p>\n<p style=\"text-align: justify;\"><span style=\"font-weight: 400;\"><strong>\u00bfSab\u00e9is por ejemplo que comen nuestros vecinos italianos esa noche para atraer la prosperidad en el a\u00f1o entrante?<\/strong> \u00a1Lentejas estofadas! S\u00ed, hab\u00e9is le\u00eddo bien, una vez pasadas las 12 de la noche, los italianos comen un plato bien rico de lentejas acompa\u00f1adas de \u2018cotechino\u2019 o \u2018zampone\u2019, sabrosos embutidos hechos a base de carne de cerdo.\u00a0<\/span><\/p>\n<p><img decoding=\"async\" class=\"wp-image-2722 size-full aligncenter\" src=\"http:\/\/www.visita-valencia.com\/wp-content\/uploads\/2019\/12\/12-LENTEJAS.jpg\" alt=\"\" width=\"800\" height=\"533\" srcset=\"https:\/\/www.visita-valencia.com\/wp-content\/uploads\/2019\/12\/12-LENTEJAS-200x133.jpg 200w, https:\/\/www.visita-valencia.com\/wp-content\/uploads\/2019\/12\/12-LENTEJAS-300x200.jpg 300w, https:\/\/www.visita-valencia.com\/wp-content\/uploads\/2019\/12\/12-LENTEJAS-400x267.jpg 400w, https:\/\/www.visita-valencia.com\/wp-content\/uploads\/2019\/12\/12-LENTEJAS-600x400.jpg 600w, https:\/\/www.visita-valencia.com\/wp-content\/uploads\/2019\/12\/12-LENTEJAS-768x512.jpg 768w, https:\/\/www.visita-valencia.com\/wp-content\/uploads\/2019\/12\/12-LENTEJAS.jpg 800w\" sizes=\"(max-width: 800px) 100vw, 800px\" \/><\/p>\n<p style=\"text-align: justify;\"><span style=\"font-weight: 400;\">\u00bfY por qu\u00e9 lentejas? Os cuento\u2026 En muchos pueblos de la antig\u00fcedad esta legumbre era considerada un s\u00edmbolo de prosperidad y el hecho de llevar encima un pu\u00f1ado de lentejas acab\u00f3 convirti\u00e9ndose en un amuleto. Por este motivo, en la Antigua Roma se inici\u00f3 la pr\u00e1ctica de regalar una bolsita de cuero con lentejas con el deseo de que \u00e9stas se convirtieran en monedas de oro y dieran prosperidad y riqueza para todo el a\u00f1o. Pero esta costumbre evolucion\u00f3 y pasaron de ser regaladas a ser cocinadas y\u00a0<\/span><span style=\"font-weight: 400;\">servidas la noche del 31 de diciembre, <strong>la noche de Capodanno<\/strong> como dicen los italianos.<\/span><\/p>\n<p style=\"text-align: justify;\"><span style=\"font-weight: 400;\">Por \u00faltimo, antes de terminar este post, me gustar\u00eda hacer hincapi\u00e9 en la mejor uva, la uva de mejor calidad y la uva que dio origen a esta tradici\u00f3n. Se trata de la <\/span><b><a href=\"https:\/\/uva-vinalopo.org\" target=\"_blank\" rel=\"noopener\">Uva de Mesa Embolsada del Vinalop\u00f3<\/a>, <\/b><span style=\"font-weight: 400;\">una variedad \u00fanica en el mundo por su particular proceso de maduraci\u00f3n. A diferencia de otras uvas de mesa, nuestra variedad alicantina crece protegida bajo una bolsa de papel, lo cual proporciona unas caracter\u00edsticas excepcionales que han conseguido convertirse en la \u00fanica uva embolsada con Denominaci\u00f3n de Origen Protegida (DOP).<\/span><\/p>\n<p><img decoding=\"async\" class=\"wp-image-2718 aligncenter\" src=\"http:\/\/www.visita-valencia.com\/wp-content\/uploads\/2019\/12\/1852.jpeg\" alt=\"\" width=\"800\" height=\"533\" srcset=\"https:\/\/www.visita-valencia.com\/wp-content\/uploads\/2019\/12\/1852-200x133.jpeg 200w, https:\/\/www.visita-valencia.com\/wp-content\/uploads\/2019\/12\/1852-300x200.jpeg 300w, https:\/\/www.visita-valencia.com\/wp-content\/uploads\/2019\/12\/1852-400x267.jpeg 400w, https:\/\/www.visita-valencia.com\/wp-content\/uploads\/2019\/12\/1852-600x400.jpeg 600w, https:\/\/www.visita-valencia.com\/wp-content\/uploads\/2019\/12\/1852-768x512.jpeg 768w, https:\/\/www.visita-valencia.com\/wp-content\/uploads\/2019\/12\/1852-800x533.jpeg 800w, https:\/\/www.visita-valencia.com\/wp-content\/uploads\/2019\/12\/1852-1024x683.jpeg 1024w, https:\/\/www.visita-valencia.com\/wp-content\/uploads\/2019\/12\/1852-1200x800.jpeg 1200w, https:\/\/www.visita-valencia.com\/wp-content\/uploads\/2019\/12\/1852.jpeg 3984w\" sizes=\"(max-width: 800px) 100vw, 800px\" \/><\/p>\n<p style=\"text-align: justify;\"><span style=\"font-weight: 400;\"><strong>\u00bfY qu\u00e9 peculiaridad tiene esta uva embolsada?<\/strong> Su color uniforme y, lo m\u00e1s importante, una piel mucho m\u00e1s fina que otras variedades puesto que es dicha bolsa y no su propia piel la que protege los granos de las inclemencias meteorol\u00f3gicas como lluvia, sol o viento.<\/span><\/p>\n<p><img decoding=\"async\" class=\"wp-image-2719 aligncenter\" src=\"http:\/\/www.visita-valencia.com\/wp-content\/uploads\/2019\/12\/1853.jpeg\" alt=\"\" width=\"800\" height=\"533\" srcset=\"https:\/\/www.visita-valencia.com\/wp-content\/uploads\/2019\/12\/1853-200x133.jpeg 200w, https:\/\/www.visita-valencia.com\/wp-content\/uploads\/2019\/12\/1853-300x200.jpeg 300w, https:\/\/www.visita-valencia.com\/wp-content\/uploads\/2019\/12\/1853-400x267.jpeg 400w, https:\/\/www.visita-valencia.com\/wp-content\/uploads\/2019\/12\/1853-600x400.jpeg 600w, https:\/\/www.visita-valencia.com\/wp-content\/uploads\/2019\/12\/1853-768x512.jpeg 768w, https:\/\/www.visita-valencia.com\/wp-content\/uploads\/2019\/12\/1853-800x533.jpeg 800w, https:\/\/www.visita-valencia.com\/wp-content\/uploads\/2019\/12\/1853-1024x683.jpeg 1024w, https:\/\/www.visita-valencia.com\/wp-content\/uploads\/2019\/12\/1853-1200x800.jpeg 1200w, https:\/\/www.visita-valencia.com\/wp-content\/uploads\/2019\/12\/1853.jpeg 3984w\" sizes=\"(max-width: 800px) 100vw, 800px\" \/><\/p>\n<p style=\"text-align: justify;\"><span style=\"font-weight: 400;\">Existen 7 variedades de uva amparadas por la DOP: aledo, ideal, dominga, do\u00f1a Mar\u00eda, roseta y victoria en piel clara y red globo en piel oscura. La variedad m\u00e1s temprana es victoria, que empieza a comercializarse en el mes de agosto, y la m\u00e1s tard\u00eda es aledo que se encuentra en el mercado hasta mitad de enero. Esta \u00faltima es la que solemos comer la noche de fin de a\u00f1o y la cual dio origen a las \u201c12 uvas de la suerte\u201d.<\/span><\/p>\n<p><img decoding=\"async\" class=\"wp-image-2720 aligncenter\" src=\"http:\/\/www.visita-valencia.com\/wp-content\/uploads\/2019\/12\/1854.jpeg\" alt=\"\" width=\"800\" height=\"533\" srcset=\"https:\/\/www.visita-valencia.com\/wp-content\/uploads\/2019\/12\/1854-200x133.jpeg 200w, https:\/\/www.visita-valencia.com\/wp-content\/uploads\/2019\/12\/1854-300x200.jpeg 300w, https:\/\/www.visita-valencia.com\/wp-content\/uploads\/2019\/12\/1854-400x267.jpeg 400w, https:\/\/www.visita-valencia.com\/wp-content\/uploads\/2019\/12\/1854-600x400.jpeg 600w, https:\/\/www.visita-valencia.com\/wp-content\/uploads\/2019\/12\/1854-768x512.jpeg 768w, https:\/\/www.visita-valencia.com\/wp-content\/uploads\/2019\/12\/1854-800x533.jpeg 800w, https:\/\/www.visita-valencia.com\/wp-content\/uploads\/2019\/12\/1854-1024x683.jpeg 1024w, https:\/\/www.visita-valencia.com\/wp-content\/uploads\/2019\/12\/1854-1200x800.jpeg 1200w, https:\/\/www.visita-valencia.com\/wp-content\/uploads\/2019\/12\/1854.jpeg 3984w\" sizes=\"(max-width: 800px) 100vw, 800px\" \/><\/p>\n<p style=\"text-align: justify;\"><span style=\"font-weight: 400;\">Pues hasta aqu\u00ed mi post prenavide\u00f1o. Espero que os haya gustado y hay\u00e1is aprendido un poquito m\u00e1s sobre algo tan nuestro como las \u201c1<strong>2 uvas de la suerte\u201d<\/strong>. Y desde <a href=\"http:\/\/www.visita-valencia.com\/\" target=\"_blank\" rel=\"noopener\">Visita Valencia<\/a> aprovecho para desearos unas bonitas\u00a0<\/span><span style=\"font-weight: 400;\">fiestas junto a los vuestros y una nueva entrada de a\u00f1o cargada de ilusiones y nuevos proyectos personales y profesionales.<\/span><\/p>\n","protected":false},"excerpt":{"rendered":"<p>Queda muy poco para la Navidad, la Nochevieja y la entrada del nuevo a\u00f1o y con todo ello llegan cientos de tradiciones que nos acompa\u00f1an [&hellip;]<\/p>\n","protected":false},"author":2,"featured_media":0,"comment_status":"open","ping_status":"open","sticky":false,"template":"","format":"standard","meta":{"footnotes":""},"categories":[182,183,142],"tags":[],"class_list":["post-2726","post","type-post","status-publish","format-standard","hentry","category-eventos-en-valencia-en","category-fiestas-en-valencia-en","category-gastronomia-valencia-en"],"yoast_head":"<!-- This site is optimized with the Yoast SEO plugin v27.5 - https:\/\/yoast.com\/product\/yoast-seo-wordpress\/ -->\n<title>La tradici\u00f3n de las 12 uvas de la suerte - Visita Valencia<\/title>\n<meta name=\"description\" content=\"\u00bfSab\u00e9is de d\u00f3nde viene la tradici\u00f3n de las 12 uvas y cu\u00e1ndo comenz\u00f3? Desde el blog de Visita Valencia te lo contamos todo sobre las 12 uvas de la suerte.\" \/>\n<meta name=\"robots\" content=\"index, follow, max-snippet:-1, max-image-preview:large, max-video-preview:-1\" \/>\n<link rel=\"canonical\" href=\"https:\/\/www.visita-valencia.com\/tradicion-doce-uvas\" \/>\n<meta property=\"og:locale\" content=\"en_US\" \/>\n<meta property=\"og:type\" content=\"article\" \/>\n<meta property=\"og:title\" content=\"La tradici\u00f3n de las 12 uvas de la suerte - Visita Valencia\" \/>\n<meta property=\"og:description\" content=\"\u00bfSab\u00e9is de d\u00f3nde viene la tradici\u00f3n de las 12 uvas y cu\u00e1ndo comenz\u00f3? Desde el blog de Visita Valencia te lo contamos todo sobre las 12 uvas de la suerte.\" \/>\n<meta property=\"og:url\" content=\"https:\/\/www.visita-valencia.com\/tradicion-doce-uvas\" \/>\n<meta property=\"og:site_name\" content=\"Gu\u00eda tur\u00edstica de Valencia\" \/>\n<meta property=\"article:published_time\" content=\"2019-12-04T19:00:26+00:00\" \/>\n<meta property=\"og:image\" content=\"http:\/\/www.visita-valencia.com\/wp-content\/uploads\/2019\/12\/plaza-puerta-sol.jpg\" \/>\n<meta name=\"author\" content=\"Visita Valencia\" \/>\n<meta name=\"twitter:card\" content=\"summary_large_image\" \/>\n<meta name=\"twitter:label1\" content=\"Written by\" \/>\n\t<meta name=\"twitter:data1\" content=\"Visita Valencia\" \/>\n\t<meta name=\"twitter:label2\" content=\"Est. reading time\" \/>\n\t<meta name=\"twitter:data2\" content=\"4 minutes\" \/>\n<script type=\"application\/ld+json\" class=\"yoast-schema-graph\">{\"@context\":\"https:\\\/\\\/schema.org\",\"@graph\":[{\"@type\":\"Article\",\"@id\":\"https:\\\/\\\/www.visita-valencia.com\\\/tradicion-doce-uvas#article\",\"isPartOf\":{\"@id\":\"https:\\\/\\\/www.visita-valencia.com\\\/tradicion-doce-uvas\"},\"author\":{\"name\":\"Visita Valencia\",\"@id\":\"https:\\\/\\\/www.visita-valencia.com\\\/#\\\/schema\\\/person\\\/d9a8ff7ef19ff98f437b7f72f95247ec\"},\"headline\":\"LA TRADICI\u00d3N DE LAS DOCE UVAS\",\"datePublished\":\"2019-12-04T19:00:26+00:00\",\"mainEntityOfPage\":{\"@id\":\"https:\\\/\\\/www.visita-valencia.com\\\/tradicion-doce-uvas\"},\"wordCount\":860,\"commentCount\":0,\"publisher\":{\"@id\":\"https:\\\/\\\/www.visita-valencia.com\\\/#organization\"},\"image\":{\"@id\":\"https:\\\/\\\/www.visita-valencia.com\\\/tradicion-doce-uvas#primaryimage\"},\"thumbnailUrl\":\"http:\\\/\\\/www.visita-valencia.com\\\/wp-content\\\/uploads\\\/2019\\\/12\\\/plaza-puerta-sol.jpg\",\"articleSection\":[\"Eventos en Valencia\",\"Fiestas en Valencia\",\"Gastronom\u00eda en Valencia\"],\"inLanguage\":\"en-US\",\"potentialAction\":[{\"@type\":\"CommentAction\",\"name\":\"Comment\",\"target\":[\"https:\\\/\\\/www.visita-valencia.com\\\/tradicion-doce-uvas#respond\"]}]},{\"@type\":\"WebPage\",\"@id\":\"https:\\\/\\\/www.visita-valencia.com\\\/tradicion-doce-uvas\",\"url\":\"https:\\\/\\\/www.visita-valencia.com\\\/tradicion-doce-uvas\",\"name\":\"La tradici\u00f3n de las 12 uvas de la suerte - Visita Valencia\",\"isPartOf\":{\"@id\":\"https:\\\/\\\/www.visita-valencia.com\\\/#website\"},\"primaryImageOfPage\":{\"@id\":\"https:\\\/\\\/www.visita-valencia.com\\\/tradicion-doce-uvas#primaryimage\"},\"image\":{\"@id\":\"https:\\\/\\\/www.visita-valencia.com\\\/tradicion-doce-uvas#primaryimage\"},\"thumbnailUrl\":\"http:\\\/\\\/www.visita-valencia.com\\\/wp-content\\\/uploads\\\/2019\\\/12\\\/plaza-puerta-sol.jpg\",\"datePublished\":\"2019-12-04T19:00:26+00:00\",\"description\":\"\u00bfSab\u00e9is de d\u00f3nde viene la tradici\u00f3n de las 12 uvas y cu\u00e1ndo comenz\u00f3? Desde el blog de Visita Valencia te lo contamos todo sobre las 12 uvas de la suerte.\",\"breadcrumb\":{\"@id\":\"https:\\\/\\\/www.visita-valencia.com\\\/tradicion-doce-uvas#breadcrumb\"},\"inLanguage\":\"en-US\",\"potentialAction\":[{\"@type\":\"ReadAction\",\"target\":[\"https:\\\/\\\/www.visita-valencia.com\\\/tradicion-doce-uvas\"]}]},{\"@type\":\"ImageObject\",\"inLanguage\":\"en-US\",\"@id\":\"https:\\\/\\\/www.visita-valencia.com\\\/tradicion-doce-uvas#primaryimage\",\"url\":\"http:\\\/\\\/www.visita-valencia.com\\\/wp-content\\\/uploads\\\/2019\\\/12\\\/plaza-puerta-sol.jpg\",\"contentUrl\":\"http:\\\/\\\/www.visita-valencia.com\\\/wp-content\\\/uploads\\\/2019\\\/12\\\/plaza-puerta-sol.jpg\"},{\"@type\":\"BreadcrumbList\",\"@id\":\"https:\\\/\\\/www.visita-valencia.com\\\/tradicion-doce-uvas#breadcrumb\",\"itemListElement\":[{\"@type\":\"ListItem\",\"position\":1,\"name\":\"Portada\",\"item\":\"https:\\\/\\\/www.visita-valencia.com\\\/en\"},{\"@type\":\"ListItem\",\"position\":2,\"name\":\"LA TRADICI\u00d3N DE LAS DOCE UVAS\"}]},{\"@type\":\"WebSite\",\"@id\":\"https:\\\/\\\/www.visita-valencia.com\\\/#website\",\"url\":\"https:\\\/\\\/www.visita-valencia.com\\\/\",\"name\":\"Gu\u00eda tur\u00edstica de Valencia\",\"description\":\"Visitas guiadas en Valencia\",\"publisher\":{\"@id\":\"https:\\\/\\\/www.visita-valencia.com\\\/#organization\"},\"potentialAction\":[{\"@type\":\"SearchAction\",\"target\":{\"@type\":\"EntryPoint\",\"urlTemplate\":\"https:\\\/\\\/www.visita-valencia.com\\\/?s={search_term_string}\"},\"query-input\":{\"@type\":\"PropertyValueSpecification\",\"valueRequired\":true,\"valueName\":\"search_term_string\"}}],\"inLanguage\":\"en-US\"},{\"@type\":\"Organization\",\"@id\":\"https:\\\/\\\/www.visita-valencia.com\\\/#organization\",\"name\":\"Visita-Valencia\",\"url\":\"https:\\\/\\\/www.visita-valencia.com\\\/\",\"logo\":{\"@type\":\"ImageObject\",\"inLanguage\":\"en-US\",\"@id\":\"https:\\\/\\\/www.visita-valencia.com\\\/#\\\/schema\\\/logo\\\/image\\\/\",\"url\":\"http:\\\/\\\/www.visita-valencia.com\\\/wp-content\\\/uploads\\\/2018\\\/01\\\/logo-VV-blanco-web.png\",\"contentUrl\":\"http:\\\/\\\/www.visita-valencia.com\\\/wp-content\\\/uploads\\\/2018\\\/01\\\/logo-VV-blanco-web.png\",\"width\":241,\"height\":84,\"caption\":\"Visita-Valencia\"},\"image\":{\"@id\":\"https:\\\/\\\/www.visita-valencia.com\\\/#\\\/schema\\\/logo\\\/image\\\/\"}},{\"@type\":\"Person\",\"@id\":\"https:\\\/\\\/www.visita-valencia.com\\\/#\\\/schema\\\/person\\\/d9a8ff7ef19ff98f437b7f72f95247ec\",\"name\":\"Visita Valencia\",\"image\":{\"@type\":\"ImageObject\",\"inLanguage\":\"en-US\",\"@id\":\"https:\\\/\\\/secure.gravatar.com\\\/avatar\\\/8e9b42087503fecd2c071643af69c8f725ada43b7ff13444df5ce5bf79c65f67?s=96&d=mm&r=g\",\"url\":\"https:\\\/\\\/secure.gravatar.com\\\/avatar\\\/8e9b42087503fecd2c071643af69c8f725ada43b7ff13444df5ce5bf79c65f67?s=96&d=mm&r=g\",\"contentUrl\":\"https:\\\/\\\/secure.gravatar.com\\\/avatar\\\/8e9b42087503fecd2c071643af69c8f725ada43b7ff13444df5ce5bf79c65f67?s=96&d=mm&r=g\",\"caption\":\"Visita Valencia\"},\"url\":\"https:\\\/\\\/www.visita-valencia.com\\\/en\\\/author\\\/elisabeth\"}]}<\/script>\n<!-- \/ Yoast SEO plugin. -->","yoast_head_json":{"title":"La tradici\u00f3n de las 12 uvas de la suerte - Visita Valencia","description":"\u00bfSab\u00e9is de d\u00f3nde viene la tradici\u00f3n de las 12 uvas y cu\u00e1ndo comenz\u00f3? Desde el blog de Visita Valencia te lo contamos todo sobre las 12 uvas de la suerte.","robots":{"index":"index","follow":"follow","max-snippet":"max-snippet:-1","max-image-preview":"max-image-preview:large","max-video-preview":"max-video-preview:-1"},"canonical":"https:\/\/www.visita-valencia.com\/tradicion-doce-uvas","og_locale":"en_US","og_type":"article","og_title":"La tradici\u00f3n de las 12 uvas de la suerte - Visita Valencia","og_description":"\u00bfSab\u00e9is de d\u00f3nde viene la tradici\u00f3n de las 12 uvas y cu\u00e1ndo comenz\u00f3? Desde el blog de Visita Valencia te lo contamos todo sobre las 12 uvas de la suerte.","og_url":"https:\/\/www.visita-valencia.com\/tradicion-doce-uvas","og_site_name":"Gu\u00eda tur\u00edstica de Valencia","article_published_time":"2019-12-04T19:00:26+00:00","og_image":[{"url":"http:\/\/www.visita-valencia.com\/wp-content\/uploads\/2019\/12\/plaza-puerta-sol.jpg","type":"","width":"","height":""}],"author":"Visita Valencia","twitter_card":"summary_large_image","twitter_misc":{"Written by":"Visita Valencia","Est. reading time":"4 minutes"},"schema":{"@context":"https:\/\/schema.org","@graph":[{"@type":"Article","@id":"https:\/\/www.visita-valencia.com\/tradicion-doce-uvas#article","isPartOf":{"@id":"https:\/\/www.visita-valencia.com\/tradicion-doce-uvas"},"author":{"name":"Visita Valencia","@id":"https:\/\/www.visita-valencia.com\/#\/schema\/person\/d9a8ff7ef19ff98f437b7f72f95247ec"},"headline":"LA TRADICI\u00d3N DE LAS DOCE UVAS","datePublished":"2019-12-04T19:00:26+00:00","mainEntityOfPage":{"@id":"https:\/\/www.visita-valencia.com\/tradicion-doce-uvas"},"wordCount":860,"commentCount":0,"publisher":{"@id":"https:\/\/www.visita-valencia.com\/#organization"},"image":{"@id":"https:\/\/www.visita-valencia.com\/tradicion-doce-uvas#primaryimage"},"thumbnailUrl":"http:\/\/www.visita-valencia.com\/wp-content\/uploads\/2019\/12\/plaza-puerta-sol.jpg","articleSection":["Eventos en Valencia","Fiestas en Valencia","Gastronom\u00eda en Valencia"],"inLanguage":"en-US","potentialAction":[{"@type":"CommentAction","name":"Comment","target":["https:\/\/www.visita-valencia.com\/tradicion-doce-uvas#respond"]}]},{"@type":"WebPage","@id":"https:\/\/www.visita-valencia.com\/tradicion-doce-uvas","url":"https:\/\/www.visita-valencia.com\/tradicion-doce-uvas","name":"La tradici\u00f3n de las 12 uvas de la suerte - Visita Valencia","isPartOf":{"@id":"https:\/\/www.visita-valencia.com\/#website"},"primaryImageOfPage":{"@id":"https:\/\/www.visita-valencia.com\/tradicion-doce-uvas#primaryimage"},"image":{"@id":"https:\/\/www.visita-valencia.com\/tradicion-doce-uvas#primaryimage"},"thumbnailUrl":"http:\/\/www.visita-valencia.com\/wp-content\/uploads\/2019\/12\/plaza-puerta-sol.jpg","datePublished":"2019-12-04T19:00:26+00:00","description":"\u00bfSab\u00e9is de d\u00f3nde viene la tradici\u00f3n de las 12 uvas y cu\u00e1ndo comenz\u00f3? Desde el blog de Visita Valencia te lo contamos todo sobre las 12 uvas de la suerte.","breadcrumb":{"@id":"https:\/\/www.visita-valencia.com\/tradicion-doce-uvas#breadcrumb"},"inLanguage":"en-US","potentialAction":[{"@type":"ReadAction","target":["https:\/\/www.visita-valencia.com\/tradicion-doce-uvas"]}]},{"@type":"ImageObject","inLanguage":"en-US","@id":"https:\/\/www.visita-valencia.com\/tradicion-doce-uvas#primaryimage","url":"http:\/\/www.visita-valencia.com\/wp-content\/uploads\/2019\/12\/plaza-puerta-sol.jpg","contentUrl":"http:\/\/www.visita-valencia.com\/wp-content\/uploads\/2019\/12\/plaza-puerta-sol.jpg"},{"@type":"BreadcrumbList","@id":"https:\/\/www.visita-valencia.com\/tradicion-doce-uvas#breadcrumb","itemListElement":[{"@type":"ListItem","position":1,"name":"Portada","item":"https:\/\/www.visita-valencia.com\/en"},{"@type":"ListItem","position":2,"name":"LA TRADICI\u00d3N DE LAS DOCE UVAS"}]},{"@type":"WebSite","@id":"https:\/\/www.visita-valencia.com\/#website","url":"https:\/\/www.visita-valencia.com\/","name":"Gu\u00eda tur\u00edstica de Valencia","description":"Visitas guiadas en Valencia","publisher":{"@id":"https:\/\/www.visita-valencia.com\/#organization"},"potentialAction":[{"@type":"SearchAction","target":{"@type":"EntryPoint","urlTemplate":"https:\/\/www.visita-valencia.com\/?s={search_term_string}"},"query-input":{"@type":"PropertyValueSpecification","valueRequired":true,"valueName":"search_term_string"}}],"inLanguage":"en-US"},{"@type":"Organization","@id":"https:\/\/www.visita-valencia.com\/#organization","name":"Visita-Valencia","url":"https:\/\/www.visita-valencia.com\/","logo":{"@type":"ImageObject","inLanguage":"en-US","@id":"https:\/\/www.visita-valencia.com\/#\/schema\/logo\/image\/","url":"http:\/\/www.visita-valencia.com\/wp-content\/uploads\/2018\/01\/logo-VV-blanco-web.png","contentUrl":"http:\/\/www.visita-valencia.com\/wp-content\/uploads\/2018\/01\/logo-VV-blanco-web.png","width":241,"height":84,"caption":"Visita-Valencia"},"image":{"@id":"https:\/\/www.visita-valencia.com\/#\/schema\/logo\/image\/"}},{"@type":"Person","@id":"https:\/\/www.visita-valencia.com\/#\/schema\/person\/d9a8ff7ef19ff98f437b7f72f95247ec","name":"Visita Valencia","image":{"@type":"ImageObject","inLanguage":"en-US","@id":"https:\/\/secure.gravatar.com\/avatar\/8e9b42087503fecd2c071643af69c8f725ada43b7ff13444df5ce5bf79c65f67?s=96&d=mm&r=g","url":"https:\/\/secure.gravatar.com\/avatar\/8e9b42087503fecd2c071643af69c8f725ada43b7ff13444df5ce5bf79c65f67?s=96&d=mm&r=g","contentUrl":"https:\/\/secure.gravatar.com\/avatar\/8e9b42087503fecd2c071643af69c8f725ada43b7ff13444df5ce5bf79c65f67?s=96&d=mm&r=g","caption":"Visita Valencia"},"url":"https:\/\/www.visita-valencia.com\/en\/author\/elisabeth"}]}},"_links":{"self":[{"href":"https:\/\/www.visita-valencia.com\/en\/wp-json\/wp\/v2\/posts\/2726","targetHints":{"allow":["GET"]}}],"collection":[{"href":"https:\/\/www.visita-valencia.com\/en\/wp-json\/wp\/v2\/posts"}],"about":[{"href":"https:\/\/www.visita-valencia.com\/en\/wp-json\/wp\/v2\/types\/post"}],"author":[{"embeddable":true,"href":"https:\/\/www.visita-valencia.com\/en\/wp-json\/wp\/v2\/users\/2"}],"replies":[{"embeddable":true,"href":"https:\/\/www.visita-valencia.com\/en\/wp-json\/wp\/v2\/comments?post=2726"}],"version-history":[{"count":0,"href":"https:\/\/www.visita-valencia.com\/en\/wp-json\/wp\/v2\/posts\/2726\/revisions"}],"wp:attachment":[{"href":"https:\/\/www.visita-valencia.com\/en\/wp-json\/wp\/v2\/media?parent=2726"}],"wp:term":[{"taxonomy":"category","embeddable":true,"href":"https:\/\/www.visita-valencia.com\/en\/wp-json\/wp\/v2\/categories?post=2726"},{"taxonomy":"post_tag","embeddable":true,"href":"https:\/\/www.visita-valencia.com\/en\/wp-json\/wp\/v2\/tags?post=2726"}],"curies":[{"name":"wp","href":"https:\/\/api.w.org\/{rel}","templated":true}]}}