{"id":2194,"date":"2018-03-09T07:30:22","date_gmt":"2018-03-09T07:30:22","guid":{"rendered":"http:\/\/www.visita-valencia.com\/los-5-mejores-brunch-valencia"},"modified":"2018-06-05T13:53:08","modified_gmt":"2018-06-05T13:53:08","slug":"los-5-mejores-brunch-valencia","status":"publish","type":"post","link":"https:\/\/www.visita-valencia.com\/it\/los-5-mejores-brunch-valencia","title":{"rendered":"I CINQUE MIGLIORI &#8220;BRUNCH&#8221; DI VALENCIA"},"content":{"rendered":"<p class=\"Poromisin\" style=\"text-align: justify;\"><strong>Cos&#8217;<span lang=\"IT\">\u00e8 <\/span>il &#8220;brunch&#8221;? Bene, \u00e8 <span lang=\"IT\">una parola d<\/span>i moda<span lang=\"IT\">, un nuovo concetto di cibo che <\/span>si <span lang=\"IT\">sta <\/span>\u00a0diffondendo <span class=\"Ninguno\">nel<\/span><span lang=\"IT\">le grandi citt<\/span><span lang=\"FR\">\u00e0 <\/span><span lang=\"NL\">europee.<\/span><\/strong><\/p>\n<p class=\"Poromisin\" style=\"text-align: justify;\">\n<p class=\"Poromisin\" style=\"text-align: justify;\"><span lang=\"IT\">Il significato di &#8220;brunch&#8221; non \u00e8 altro che una combinazione di due parole <\/span>in <span lang=\"IT\">ingles<\/span>e: \u201cbreakfast\u201d (<span lang=\"IT\">colazione<\/span>)<span lang=\"IT\">e <\/span>\u201clunch\u201d (<span lang=\"IT\">pranzo<\/span>)<span lang=\"IT\">. Quindi <\/span>si pu<span lang=\"IT\">\u00f2 <\/span>intendere<span lang=\"IT\">come una tarda colazione o un <\/span>pranzo anticipato<span lang=\"IT\">. Anche se \u00e8 vero che a poco a poco i locali stanno ampliando<\/span>i loro orari e <span lang=\"IT\">lo offrono gi<\/span><span lang=\"FR\">\u00e0 <\/span><span lang=\"IT\">fino alle 17:00.<\/span><\/p>\n<p class=\"Poromisin\" style=\"text-align: justify;\">\n<p class=\"Poromisin\" style=\"text-align: justify;\"><span lang=\"IT\">Attualmente il &#8220;brunch&#8221; \u00e8 solitamente associato al fine settimana e <\/span>ai giorni festivi<span lang=\"IT\">, forse perch<\/span>\u00e8<span lang=\"IT\">sono i giorni <\/span>quando <span lang=\"IT\">molti di noi poss<\/span>iamo<span lang=\"IT\">dormire un <\/span>po\u00b4 <span lang=\"IT\">di pi\u00f9 <\/span>e, pertanto, facciamo<span lang=\"IT\">colazione o <\/span>pranzo<span lang=\"IT\">in un <\/span>orario diverso <span lang=\"IT\">dal <\/span>normale. <span lang=\"IT\">Per questo motivo viene di solito servito tra le 10.00 e le 17.00, <\/span>dipendendo da<span lang=\"IT\">lla citt<\/span><span lang=\"FR\">\u00e0 <\/span>e da<span lang=\"IT\">l ristorante.<\/span><\/p>\n<p class=\"Poromisin\" style=\"text-align: justify;\">\n<p class=\"Poromisin\" style=\"text-align: justify;\"><span lang=\"IT\">Il brunch solitamente combina <\/span><span class=\"Ninguno\">cibi <\/span><span lang=\"IT\">dolci e salati. Tra i piatti salati, l&#8217;uovo \u00e8 il protagonista, <\/span>viene servito <span lang=\"IT\">in tutte le sue versioni: <\/span><span class=\"Ninguno\"><i>tortilla<\/i><\/span><span lang=\"IT\">, uovo fritto o uova strapazzate. Anche se il <\/span>brunch pi<span lang=\"IT\">\u00f9 <\/span>caratteristico avr\u00e0 <span lang=\"IT\">sempre uova alla Benedict. E<\/span>cosa<span lang=\"IT\">sono le uova alla Benedict? <\/span>Ti <span lang=\"IT\">spieg<\/span>o\u2026 <span lang=\"IT\">La base sar<\/span><span lang=\"FR\">\u00e0 <\/span>pane, sopra il pane saranno appoggiate <span lang=\"IT\">strisce di pancetta croccant<\/span>e<span lang=\"IT\">e <\/span>per finire ci sar\u00e0 <span lang=\"IT\">un uovo in camicia, la ciliegina sulla torta <\/span>sar\u00e0 <span lang=\"IT\">coprire tutto con salsa olandese.<\/span><\/p>\n<p class=\"Poromisin\" style=\"text-align: justify;\">\n<p class=\"Poromisin\" style=\"text-align: justify;\"><span lang=\"IT\">Fortunatamente per noi, oggigiorno i ristoranti <\/span>stanno creando<span lang=\"IT\">piatti pi\u00f9 originali e, soprattutto, pi\u00f9 sani. Inoltre,<\/span>stanno aumentando ristoranti che si rivolgono <span lang=\"IT\">a diversi tipi di pubblico: vegetariani, vegani o celiaci.<\/span><\/p>\n<p class=\"Poromisin\" style=\"text-align: justify;\">\n<p class=\"Poromisin\" style=\"text-align: justify;\"><span lang=\"IT\">Una volta chiariti <\/span>questi<span lang=\"IT\">concetti, <\/span>ci addentriamo in ci<span lang=\"IT\">\u00f2 che <\/span>\u00e8 veramente importante per noi<span lang=\"IT\">. <strong>Dove possiamo <\/strong><\/span><strong>trovare <span lang=\"IT\">i migliori brunch a Valencia? <\/span>Ecco i <span lang=\"IT\">5 nomi:<\/span><\/strong><\/p>\n<p>&nbsp;<\/p>\n<p><span style=\"font-size: 18pt;\"><strong>LA M\u00c1S BONITA<\/strong><\/span><\/p>\n<p class=\"Poromisin\" style=\"text-align: justify;\"><span lang=\"IT\">La M<\/span>\u00e1<span lang=\"IT\">s Bonita ha <\/span>oggi <span lang=\"IT\">due <\/span>locali a Valencia: uno<span lang=\"IT\">sul lungomare e un<\/span><span lang=\"IT\">altr<\/span>o<span lang=\"IT\">nel <\/span>quartiere di moda, a Ruzafa. La M\u00e1s Bonita \u00e8<span lang=\"IT\">uno dei miei posti preferiti, un <\/span>posto <span lang=\"IT\">con aria mediterranea e cibo fatto in casa, ecologico e delizioso.<\/span><\/p>\n<p class=\"Poromisin\" style=\"text-align: justify;\">Preparano<span lang=\"IT\">4 tipi diversi di brunch: <\/span>l\u00b4English Breakfast, il <span lang=\"IT\">Patacona Beach<\/span>, lo Spanish Breakfast <span lang=\"IT\">con prosciutto iberico per <\/span>quelli<span lang=\"IT\">pi\u00f9 tradizional<\/span>i<span lang=\"PT\">o <\/span>la opzione pi\u00f9 sana <span lang=\"IT\">con uova strapazzate, salmone e avocado<\/span>.<\/p>\n<p style=\"text-align: justify;\"><img decoding=\"async\" class=\"wp-image-1750 size-600 aligncenter\" src=\"http:\/\/www.visita-valencia.com\/wp-content\/uploads\/2018\/03\/La-mas-Bonita-04-600x400.jpg\" alt=\"\" width=\"600\" height=\"400\" srcset=\"https:\/\/www.visita-valencia.com\/wp-content\/uploads\/2018\/03\/La-mas-Bonita-04-120x80.jpg 120w, https:\/\/www.visita-valencia.com\/wp-content\/uploads\/2018\/03\/La-mas-Bonita-04-200x133.jpg 200w, https:\/\/www.visita-valencia.com\/wp-content\/uploads\/2018\/03\/La-mas-Bonita-04-300x200.jpg 300w, https:\/\/www.visita-valencia.com\/wp-content\/uploads\/2018\/03\/La-mas-Bonita-04-400x267.jpg 400w, https:\/\/www.visita-valencia.com\/wp-content\/uploads\/2018\/03\/La-mas-Bonita-04-500x334.jpg 500w, https:\/\/www.visita-valencia.com\/wp-content\/uploads\/2018\/03\/La-mas-Bonita-04-600x400.jpg 600w, https:\/\/www.visita-valencia.com\/wp-content\/uploads\/2018\/03\/La-mas-Bonita-04-700x467.jpg 700w, https:\/\/www.visita-valencia.com\/wp-content\/uploads\/2018\/03\/La-mas-Bonita-04-768x512.jpg 768w, https:\/\/www.visita-valencia.com\/wp-content\/uploads\/2018\/03\/La-mas-Bonita-04-800x534.jpg 800w, https:\/\/www.visita-valencia.com\/wp-content\/uploads\/2018\/03\/La-mas-Bonita-04-1024x683.jpg 1024w, https:\/\/www.visita-valencia.com\/wp-content\/uploads\/2018\/03\/La-mas-Bonita-04-1200x801.jpg 1200w, https:\/\/www.visita-valencia.com\/wp-content\/uploads\/2018\/03\/La-mas-Bonita-04.jpg 1382w\" sizes=\"(max-width: 600px) 100vw, 600px\" \/><\/p>\n<p class=\"Poromisin\" style=\"text-align: center;\"><b>DATI DI INTERESSE<\/b><b><\/b><\/p>\n<p class=\"Poromisin\" style=\"text-align: center;\">Orario: Sabato e domenica dalle 12.30 alle 17.00.<\/p>\n<p class=\"Poromisin\" style=\"text-align: center;\">\n<p class=\"Poromisin\" style=\"text-align: center;\">La M\u00e1s Bonita Ruzafa<\/p>\n<p class=\"Poromisin\" style=\"text-align: center;\">Indirizzo: Calle C\u00e1diz, 61 (Valencia)<\/p>\n<p class=\"Poromisin\" style=\"text-align: center;\">Telefono: (0034) 96.323.64.00<\/p>\n<p class=\"Poromisin\" style=\"text-align: center;\">\n<p class=\"Poromisin\" style=\"text-align: center;\">La M\u00e1s Bonita Ruzafa Patacona<\/p>\n<p class=\"Poromisin\" style=\"text-align: center;\"><span lang=\"IT\">Indirizzo:<\/span>Paseo Mar\u00edtimo de la Patacona, 11 (Alboraya &#8211; Valencia)<\/p>\n<p class=\"Poromisin\" style=\"text-align: center;\">Telefono: (0034) 96.114.36.11<\/p>\n<p class=\"Poromisin\" style=\"text-align: center;\">Web: <span class=\"Hyperlink0\"><a href=\"http:\/\/www.lamasbonita.es\/\">www.lamasbonita.es<\/a><\/span><\/p>\n<p class=\"Poromisin\" style=\"text-align: center;\">Facebook: <span class=\"Hyperlink0\"><a href=\"http:\/\/www.facebook.com\/lamasbonitavlc\">www.facebook.com\/lamasbonitavlc<\/a><\/span><\/p>\n<p style=\"text-align: center;\">\n<p style=\"text-align: center;\">\n<p><span style=\"font-size: 18pt;\"><strong>CELIACRUZ<\/strong><\/span><\/p>\n<p class=\"Poromisin\" style=\"text-align: justify;\"><span lang=\"IT\">Il suo nome \u00e8 un gioco di parole tra <\/span>\u201cceliac\u201d da<span lang=\"IT\">celiaco e <\/span>\u201cruz&#8221; da<span lang=\"IT\">Ruzafa, quartiere <\/span>di moda<span lang=\"IT\">di Valencia dove si trova questo <\/span>locale. <span lang=\"IT\">\u00c8 stato uno dei primi <\/span>luoghi <span lang=\"IT\">in Spagna a produrre a mano tutti i prodotti senza glutine nel proprio<\/span><span lang=\"IT\">laboratorio.<\/span><\/p>\n<p class=\"Poromisin\" style=\"text-align: justify;\"><span lang=\"IT\">Ogni domenica il loro &#8220;brunch&#8221; ha un tema diverso: italiano, americano, spagnolo e vegano. E se non puo<\/span>i andare <span lang=\"IT\">non c&#8217;\u00e8 problema, puoi <\/span>ordinarlo <span lang=\"IT\">per telefono o e-mail e t<\/span>e lo <span lang=\"IT\">porteranno a casa.<\/span><\/p>\n<p><img decoding=\"async\" class=\"wp-image-1751 size-600 aligncenter\" src=\"http:\/\/www.visita-valencia.com\/wp-content\/uploads\/2018\/03\/CeliaCruz-600x450.jpg\" alt=\"\" width=\"600\" height=\"450\" srcset=\"https:\/\/www.visita-valencia.com\/wp-content\/uploads\/2018\/03\/CeliaCruz-120x90.jpg 120w, https:\/\/www.visita-valencia.com\/wp-content\/uploads\/2018\/03\/CeliaCruz-200x150.jpg 200w, https:\/\/www.visita-valencia.com\/wp-content\/uploads\/2018\/03\/CeliaCruz-300x225.jpg 300w, https:\/\/www.visita-valencia.com\/wp-content\/uploads\/2018\/03\/CeliaCruz-400x300.jpg 400w, https:\/\/www.visita-valencia.com\/wp-content\/uploads\/2018\/03\/CeliaCruz-500x375.jpg 500w, https:\/\/www.visita-valencia.com\/wp-content\/uploads\/2018\/03\/CeliaCruz-600x450.jpg 600w, https:\/\/www.visita-valencia.com\/wp-content\/uploads\/2018\/03\/CeliaCruz-700x525.jpg 700w, https:\/\/www.visita-valencia.com\/wp-content\/uploads\/2018\/03\/CeliaCruz-768x576.jpg 768w, https:\/\/www.visita-valencia.com\/wp-content\/uploads\/2018\/03\/CeliaCruz.jpg 800w\" sizes=\"(max-width: 600px) 100vw, 600px\" \/><\/p>\n<p class=\"Poromisin\" style=\"text-align: center;\"><b>DATI DI INTERESSE <\/b><b><\/b><\/p>\n<p class=\"Poromisin\" style=\"text-align: center;\">Orario: Domenica in due turni: il primo alle 12.00 ed il secondo alle 14.00.<\/p>\n<p class=\"Poromisin\" style=\"text-align: center;\">Indirizzo: <span lang=\"IT\">Calle Cuba, 54<\/span>(Valencia)<\/p>\n<p class=\"Poromisin\" style=\"text-align: center;\">Telefono: (0034) 96.<span lang=\"RU\">341<\/span>.33.88<\/p>\n<p class=\"Poromisin\" style=\"text-align: center;\">Web: <span class=\"Hyperlink0\"><a href=\"http:\/\/www.celiacruz.es\/\">www.celiacruz.es<\/a><\/span><\/p>\n<p class=\"Poromisin\" style=\"text-align: center;\">Facebook: <span class=\"Hyperlink0\"><a href=\"http:\/\/www.facebook.com\/CeliacRuzSinGluten\">www.facebook.com\/CeliacRuzSinGluten<\/a><\/span><\/p>\n<p style=\"text-align: center;\">\n<p>&nbsp;<\/p>\n<p><span style=\"font-size: 18pt;\"><strong>FEDERAL CAF\u00c9<\/strong><\/span><\/p>\n<p class=\"Poromisin\" style=\"text-align: justify;\"><span lang=\"IT\">Federal Caf\u00e9 \u00e8 stato inaugurato a Valencia nel 2015, dopo il grande successo dei suoi due locali a Barcellona e quello del quartiere <\/span>di Malasa\u00f1a a Madrid. \u00c8<span lang=\"IT\">una proposta <\/span>di <span class=\"Ninguno\"><i>non-stop-kitchen<\/i><\/span><span lang=\"IT\">fatta <\/span>sempre con <span lang=\"IT\">prodott<\/span>i<span lang=\"EN-US\">local<\/span>i.<\/p>\n<p style=\"text-align: justify;\"><span lang=\"IT\">\u00c8 difficile optare per un piatto <\/span>in<span lang=\"IT\">particolare poich<\/span><span lang=\"FR\">\u00e9 <\/span><span lang=\"IT\">hanno un menu originale e squisito<\/span>e<span lang=\"IT\">che varia anche di volta in volta: budino di chia, muesli di lizzie, croissant di purea di lamponi e mascarpone, <\/span>deliziosi <span lang=\"NL\">burger, <\/span>tofu <span lang=\"IT\">strapazzato con curry, ecc. Ma se <\/span>per una cosa \u00e8 famoso Federal Caf\u00e9 <span lang=\"IT\">\u00e8 per <\/span>le <span lang=\"IT\">uova alla Benedictdel loro &#8220;brunch&#8221;, che p<\/span>ossono essere <span lang=\"IT\">accompagnat<\/span>e<span lang=\"IT\">da spinaci, pancetta o salmone.<\/span><\/p>\n<p><img decoding=\"async\" class=\"wp-image-1752 size-600 aligncenter\" src=\"http:\/\/www.visita-valencia.com\/wp-content\/uploads\/2018\/03\/Federal-Caf\u00e9-600x410.jpg\" alt=\"\" width=\"600\" height=\"410\" srcset=\"https:\/\/www.visita-valencia.com\/wp-content\/uploads\/2018\/03\/Federal-Caf\u00e9-120x82.jpg 120w, https:\/\/www.visita-valencia.com\/wp-content\/uploads\/2018\/03\/Federal-Caf\u00e9-200x137.jpg 200w, https:\/\/www.visita-valencia.com\/wp-content\/uploads\/2018\/03\/Federal-Caf\u00e9-300x205.jpg 300w, https:\/\/www.visita-valencia.com\/wp-content\/uploads\/2018\/03\/Federal-Caf\u00e9-400x273.jpg 400w, https:\/\/www.visita-valencia.com\/wp-content\/uploads\/2018\/03\/Federal-Caf\u00e9-500x341.jpg 500w, https:\/\/www.visita-valencia.com\/wp-content\/uploads\/2018\/03\/Federal-Caf\u00e9-600x410.jpg 600w, https:\/\/www.visita-valencia.com\/wp-content\/uploads\/2018\/03\/Federal-Caf\u00e9-700x478.jpg 700w, https:\/\/www.visita-valencia.com\/wp-content\/uploads\/2018\/03\/Federal-Caf\u00e9-768x524.jpg 768w, https:\/\/www.visita-valencia.com\/wp-content\/uploads\/2018\/03\/Federal-Caf\u00e9-800x546.jpg 800w, https:\/\/www.visita-valencia.com\/wp-content\/uploads\/2018\/03\/Federal-Caf\u00e9-1024x699.jpg 1024w, https:\/\/www.visita-valencia.com\/wp-content\/uploads\/2018\/03\/Federal-Caf\u00e9-1200x819.jpg 1200w, https:\/\/www.visita-valencia.com\/wp-content\/uploads\/2018\/03\/Federal-Caf\u00e9.jpg 2048w\" sizes=\"(max-width: 600px) 100vw, 600px\" \/><\/p>\n<p class=\"Poromisin\" style=\"text-align: center;\"><b>DATI DI INTERESSE<\/b><b><\/b><\/p>\n<p class=\"Poromisin\" style=\"text-align: center;\">Orario: dalle 10.00 alle 13.00 durante la settimana, fino alle 16.00 il sabato e fino alle 17.00 la domenica.<\/p>\n<p class=\"Poromisin\" style=\"text-align: center;\">\n<p class=\"Poromisin\" style=\"text-align: center;\">Indirizzo: Calle Embajador Vich, 15 (Valencia)<\/p>\n<p class=\"Poromisin\" style=\"text-align: center;\">Telefono: (0034) 96.061.75.96<\/p>\n<p class=\"Poromisin\" style=\"text-align: center;\">Facebook: <span class=\"Hyperlink0\"><a href=\"http:\/\/www.facebook.com\/federalvalencia\">www.facebook.com\/federalvalencia<\/a><\/span><\/p>\n<p style=\"text-align: center;\">\n<p>&nbsp;<\/p>\n<p><span style=\"font-size: 18pt;\"><strong>DULCE DE LECHE BOUTIQUE RUZAFA<\/strong><\/span><\/p>\n<p class=\"Poromisin\" style=\"text-align: justify;\"><span class=\"Ninguno\"><span lang=\"IT\">Dulce de Leche \u00e8 un progetto <\/span><\/span><span class=\"Ninguno\">familiare dove <\/span><span class=\"Ninguno\"><span lang=\"IT\">Ana e Javier combinano gastronomia ed estetica per creare un accogliente <\/span><\/span><span class=\"Ninguno\">bar<\/span><span class=\"Ninguno\"><span lang=\"IT\">e pasticceria con arie nordiche, decorato con fiori e piante, molta luce naturale e migliaia di dettagli.<\/span><\/span><\/p>\n<p class=\"Poromisin\" style=\"text-align: justify;\"><span class=\"Ninguno\"><span lang=\"IT\">Il suo menu \u00e8 pieno di deliziose opzioni come la sua incredibile torta di carote fatta con farina integrale biologica o la torta al cioccolato puro belga e dulce de leche.<\/span><\/span><\/p>\n<p class=\"Poromisin\" style=\"text-align: justify;\"><span class=\"Ninguno\">\u00a0<\/span><\/p>\n<p class=\"Poromisin\" style=\"text-align: justify;\"><span class=\"Ninguno\"><span lang=\"IT\">Ma se <\/span><\/span><span class=\"Ninguno\">per<\/span><span class=\"Ninguno\"><span lang=\"IT\">qualcosa \u00e8 famoso Dulce de Leche \u00e8 per i suo<\/span><\/span><span class=\"Ninguno\">i<\/span><span class=\"Ninguno\"><span lang=\"IT\">&#8220;brunch&#8221; del fine settimana. <\/span><\/span><span class=\"Ninguno\">A un prezzo ragionevole <\/span><span class=\"Ninguno\"><span lang=\"IT\">puoi gustare un delizioso brunch a base di caff\u00e8 <\/span><\/span><span class=\"Ninguno\"><span lang=\"EN-US\">o t<\/span><\/span><span class=\"Ninguno\"><span lang=\"IT\">\u00e8 biologico, succo d&#8217;arancia o yogurt con miele, muesli e frutta, un<\/span><\/span><span class=\"Ninguno\">a razione<\/span><span class=\"Ninguno\"><span lang=\"IT\">di piccola pasticceria e un<\/span><\/span><span class=\"Ninguno\">a<\/span><span class=\"Ninguno\"><span lang=\"IT\">di salato.<\/span><\/span><\/p>\n<p><img decoding=\"async\" class=\"size-600 wp-image-1757 aligncenter\" src=\"http:\/\/www.visita-valencia.com\/wp-content\/uploads\/2018\/03\/DDL-600x400.jpg\" alt=\"\" width=\"600\" height=\"400\" srcset=\"https:\/\/www.visita-valencia.com\/wp-content\/uploads\/2018\/03\/DDL-120x80.jpg 120w, https:\/\/www.visita-valencia.com\/wp-content\/uploads\/2018\/03\/DDL-200x133.jpg 200w, https:\/\/www.visita-valencia.com\/wp-content\/uploads\/2018\/03\/DDL-300x200.jpg 300w, https:\/\/www.visita-valencia.com\/wp-content\/uploads\/2018\/03\/DDL-400x267.jpg 400w, https:\/\/www.visita-valencia.com\/wp-content\/uploads\/2018\/03\/DDL-500x333.jpg 500w, https:\/\/www.visita-valencia.com\/wp-content\/uploads\/2018\/03\/DDL-600x400.jpg 600w, https:\/\/www.visita-valencia.com\/wp-content\/uploads\/2018\/03\/DDL-700x467.jpg 700w, https:\/\/www.visita-valencia.com\/wp-content\/uploads\/2018\/03\/DDL-768x512.jpg 768w, https:\/\/www.visita-valencia.com\/wp-content\/uploads\/2018\/03\/DDL-800x533.jpg 800w, https:\/\/www.visita-valencia.com\/wp-content\/uploads\/2018\/03\/DDL.jpg 960w\" sizes=\"(max-width: 600px) 100vw, 600px\" \/><\/p>\n<p class=\"Poromisin\" style=\"text-align: center;\"><b>DATI DI INTERESSE<\/b><b><\/b><\/p>\n<p class=\"Poromisin\" style=\"text-align: center;\">Indirizzo: <span lang=\"IT\">Calle Pintor Gisbert, 2<\/span>(Valencia)<\/p>\n<p class=\"Poromisin\" style=\"text-align: center;\">Telefono: (0034) 96.003.59.49<\/p>\n<p class=\"Poromisin\" style=\"text-align: center;\">Facebook: <span class=\"Hyperlink0\"><a href=\"http:\/\/www.facebook.com\/DulceDeLecheRuzafa\"><span lang=\"NL\">www.facebook.com\/DulceDeLecheRuzafa<\/span><\/a><\/span><\/p>\n<p>&nbsp;<\/p>\n<p><span style=\"font-size: 18pt;\"><strong>BASTARD COFFEE &amp; KITCHEN<\/strong><\/span><\/p>\n<p class=\"Poromisin\" style=\"text-align: justify;\"><span lang=\"EN-US\">Il Bastard Coffee Kitchen <\/span><span lang=\"IT\">\u00e8 un locale moderno, decorato in stile industriale.<\/span><\/p>\n<p class=\"Poromisin\" style=\"text-align: justify;\"><span lang=\"IT\">Ha un menu semplice <\/span>ma<span lang=\"IT\">tutto ci\u00f2 che offre \u00e8 totalmente preparato nelle sue cucine.<\/span><\/p>\n<p class=\"Poromisin\" style=\"text-align: justify;\"><span lang=\"IT\">Nei menu &#8216;High Lane&#8217; potrai combinare le famose uova alla Benedict scegliendo tra: bacon caramellato, avocado, salmone o spinaci.<\/span><\/p>\n<p class=\"Poromisin\" style=\"text-align: justify;\"><span lang=\"IT\">Se per\u00f2, sei una persona sana che non salta la dieta nemmeno durante il fine settimana, per te c&#8217;\u00e8 il &#8216;Soho Menu&#8217; che include una ciotola di yogurt con frutta e granola, caff\u00e8 e spremuta d<\/span>\u2019<span lang=\"IT\">arancia.<\/span><\/p>\n<p class=\"Poromisin\" style=\"text-align: justify;\"><span lang=\"IT\">E se vuoi un brunch all&#8217;inglese, al Bastard Coffee Kitchen lo trovi! Si chiama &#8216;London Menu&#8217;, con uova, patatine fritte, bacon caramellato e salsiccia<\/span>.<\/p>\n<p class=\"Poromisin\"><b>\u00a0<\/b><\/p>\n<p><img decoding=\"async\" class=\"wp-image-1753 size-600 aligncenter\" src=\"http:\/\/www.visita-valencia.com\/wp-content\/uploads\/2018\/03\/BASTARD-COFFEE-11-600x475.jpg\" alt=\"\" width=\"600\" height=\"475\" srcset=\"https:\/\/www.visita-valencia.com\/wp-content\/uploads\/2018\/03\/BASTARD-COFFEE-11-120x95.jpg 120w, https:\/\/www.visita-valencia.com\/wp-content\/uploads\/2018\/03\/BASTARD-COFFEE-11-200x158.jpg 200w, https:\/\/www.visita-valencia.com\/wp-content\/uploads\/2018\/03\/BASTARD-COFFEE-11-300x238.jpg 300w, https:\/\/www.visita-valencia.com\/wp-content\/uploads\/2018\/03\/BASTARD-COFFEE-11-400x317.jpg 400w, https:\/\/www.visita-valencia.com\/wp-content\/uploads\/2018\/03\/BASTARD-COFFEE-11-500x396.jpg 500w, https:\/\/www.visita-valencia.com\/wp-content\/uploads\/2018\/03\/BASTARD-COFFEE-11-600x475.jpg 600w, https:\/\/www.visita-valencia.com\/wp-content\/uploads\/2018\/03\/BASTARD-COFFEE-11-700x554.jpg 700w, https:\/\/www.visita-valencia.com\/wp-content\/uploads\/2018\/03\/BASTARD-COFFEE-11-768x608.jpg 768w, https:\/\/www.visita-valencia.com\/wp-content\/uploads\/2018\/03\/BASTARD-COFFEE-11-800x634.jpg 800w, https:\/\/www.visita-valencia.com\/wp-content\/uploads\/2018\/03\/BASTARD-COFFEE-11.jpg 981w\" sizes=\"(max-width: 600px) 100vw, 600px\" \/><\/p>\n<p class=\"Poromisin\" style=\"text-align: center;\"><b>DATI DI INTERESSE <\/b><b><\/b><\/p>\n<p class=\"Poromisin\" style=\"text-align: center;\">Orario: Sabato e domenica dalle 10:00 alle 15:00.<\/p>\n<p class=\"Poromisin\" style=\"text-align: center;\">Indirizzo: Calle<span lang=\"PT\">de Leandro de Saralegui, 1<\/span>(Valencia).<\/p>\n<p class=\"Poromisin\" style=\"text-align: center;\">Telefono: (0034) 96.107.18.47<\/p>\n<p class=\"Poromisin\" style=\"text-align: center;\">Web: <span class=\"Hyperlink0\"><a href=\"http:\/\/www.bastardcoffeekitchen.com\/\"><span lang=\"EN-US\">www.bastardcoffeekitchen.com<\/span><\/a><\/span><\/p>\n<p class=\"Poromisin\" style=\"text-align: center;\">Facebook: <span class=\"Hyperlink0\"><a href=\"http:\/\/www.facebook.com\/BASTARDCoffeeKitchen\"><span lang=\"EN-US\">www.facebook.com\/BASTARDCoffeeKitchen<\/span><\/a><\/span><\/p>\n<p style=\"text-align: center;\">\n<p>&nbsp;<\/p>\n","protected":false},"excerpt":{"rendered":"<p>Cos&#8217;\u00e8 il &#8220;brunch&#8221;? Bene, \u00e8 una parola di moda, un nuovo concetto di cibo che si sta \u00a0diffondendo nelle grandi citt\u00e0 europee. Il significato di [&hellip;]<\/p>\n","protected":false},"author":1,"featured_media":1749,"comment_status":"open","ping_status":"open","sticky":false,"template":"","format":"gallery","meta":{"footnotes":""},"categories":[107,108],"tags":[109,110,111,112,113],"class_list":["post-2194","post","type-post","status-publish","format-gallery","has-post-thumbnail","hentry","category-gastronomia-a-valencia-it","category-novedades-en-valencia-it","tag-brunch-it","tag-brunch-en-valencia-it","tag-mejores-sitios-de-brunch-en-valencia-it","tag-turismo-en-valencia-it","tag-visita-valencia-it","post_format-post-format-gallery"],"yoast_head":"<!-- This site is optimized with the Yoast SEO plugin v27.5 - https:\/\/yoast.com\/product\/yoast-seo-wordpress\/ -->\n<title>Los mejores Brunch de Valencia. \u00a1No te los pierdas! | Visita-Valencia<\/title>\n<meta name=\"description\" content=\"\u00bfQu\u00e9 es el \u201cbrunch\u201d? y \u00bfCu\u00e1les son los 5 mejores Brunch de Valencia? \u00bfD\u00f3nde podemos tomar los mejores brunch en Valencia? Todas las respuestas en el blog de Visita-Valencia.\" \/>\n<meta name=\"robots\" content=\"index, follow, max-snippet:-1, max-image-preview:large, max-video-preview:-1\" \/>\n<link rel=\"canonical\" href=\"https:\/\/www.visita-valencia.com\/los-5-mejores-brunch-valencia\" \/>\n<meta property=\"og:locale\" content=\"it_IT\" \/>\n<meta property=\"og:type\" content=\"article\" \/>\n<meta property=\"og:title\" content=\"Los mejores Brunch de Valencia. \u00a1No te los pierdas! | Visita-Valencia\" \/>\n<meta property=\"og:description\" content=\"\u00bfQu\u00e9 es el \u201cbrunch\u201d? y \u00bfCu\u00e1les son los 5 mejores Brunch de Valencia? \u00bfD\u00f3nde podemos tomar los mejores brunch en Valencia? Todas las respuestas en el blog de Visita-Valencia.\" \/>\n<meta property=\"og:url\" content=\"https:\/\/www.visita-valencia.com\/los-5-mejores-brunch-valencia\" \/>\n<meta property=\"og:site_name\" content=\"Gu\u00eda tur\u00edstica de Valencia\" \/>\n<meta property=\"article:published_time\" content=\"2018-03-09T07:30:22+00:00\" \/>\n<meta property=\"article:modified_time\" content=\"2018-06-05T13:53:08+00:00\" \/>\n<meta property=\"og:image\" content=\"https:\/\/www.visita-valencia.com\/wp-content\/uploads\/2018\/03\/La-mas-Bonita-02.jpg\" \/>\n\t<meta property=\"og:image:width\" content=\"1382\" \/>\n\t<meta property=\"og:image:height\" content=\"1634\" \/>\n\t<meta property=\"og:image:type\" content=\"image\/jpeg\" \/>\n<meta name=\"author\" content=\"Visita\" \/>\n<meta name=\"twitter:card\" content=\"summary_large_image\" \/>\n<meta name=\"twitter:label1\" content=\"Scritto da\" \/>\n\t<meta name=\"twitter:data1\" content=\"Visita\" \/>\n\t<meta name=\"twitter:label2\" content=\"Tempo di lettura stimato\" \/>\n\t<meta name=\"twitter:data2\" content=\"4 minuti\" \/>\n<script type=\"application\/ld+json\" class=\"yoast-schema-graph\">{\"@context\":\"https:\\\/\\\/schema.org\",\"@graph\":[{\"@type\":\"Article\",\"@id\":\"https:\\\/\\\/www.visita-valencia.com\\\/los-5-mejores-brunch-valencia#article\",\"isPartOf\":{\"@id\":\"https:\\\/\\\/www.visita-valencia.com\\\/los-5-mejores-brunch-valencia\"},\"author\":{\"name\":\"Visita\",\"@id\":\"https:\\\/\\\/www.visita-valencia.com\\\/#\\\/schema\\\/person\\\/499cd30a7351987307d19dafcc9c6871\"},\"headline\":\"I CINQUE MIGLIORI &#8220;BRUNCH&#8221; DI VALENCIA\",\"datePublished\":\"2018-03-09T07:30:22+00:00\",\"dateModified\":\"2018-06-05T13:53:08+00:00\",\"mainEntityOfPage\":{\"@id\":\"https:\\\/\\\/www.visita-valencia.com\\\/los-5-mejores-brunch-valencia\"},\"wordCount\":894,\"commentCount\":1,\"publisher\":{\"@id\":\"https:\\\/\\\/www.visita-valencia.com\\\/#organization\"},\"image\":{\"@id\":\"https:\\\/\\\/www.visita-valencia.com\\\/los-5-mejores-brunch-valencia#primaryimage\"},\"thumbnailUrl\":\"https:\\\/\\\/www.visita-valencia.com\\\/wp-content\\\/uploads\\\/2018\\\/03\\\/La-mas-Bonita-02.jpg\",\"keywords\":[\"brunch\",\"brunch en valencia\",\"mejores sitios de brunch en valencia\",\"Turismo en valencia\",\"visita valencia\"],\"articleSection\":[\"Gastronomia a Valencia\",\"Novedades en Valencia\"],\"inLanguage\":\"it-IT\",\"potentialAction\":[{\"@type\":\"CommentAction\",\"name\":\"Comment\",\"target\":[\"https:\\\/\\\/www.visita-valencia.com\\\/los-5-mejores-brunch-valencia#respond\"]}]},{\"@type\":\"WebPage\",\"@id\":\"https:\\\/\\\/www.visita-valencia.com\\\/los-5-mejores-brunch-valencia\",\"url\":\"https:\\\/\\\/www.visita-valencia.com\\\/los-5-mejores-brunch-valencia\",\"name\":\"Los mejores Brunch de Valencia. \u00a1No te los pierdas! | Visita-Valencia\",\"isPartOf\":{\"@id\":\"https:\\\/\\\/www.visita-valencia.com\\\/#website\"},\"primaryImageOfPage\":{\"@id\":\"https:\\\/\\\/www.visita-valencia.com\\\/los-5-mejores-brunch-valencia#primaryimage\"},\"image\":{\"@id\":\"https:\\\/\\\/www.visita-valencia.com\\\/los-5-mejores-brunch-valencia#primaryimage\"},\"thumbnailUrl\":\"https:\\\/\\\/www.visita-valencia.com\\\/wp-content\\\/uploads\\\/2018\\\/03\\\/La-mas-Bonita-02.jpg\",\"datePublished\":\"2018-03-09T07:30:22+00:00\",\"dateModified\":\"2018-06-05T13:53:08+00:00\",\"description\":\"\u00bfQu\u00e9 es el \u201cbrunch\u201d? y \u00bfCu\u00e1les son los 5 mejores Brunch de Valencia? \u00bfD\u00f3nde podemos tomar los mejores brunch en Valencia? Todas las respuestas en el blog de Visita-Valencia.\",\"breadcrumb\":{\"@id\":\"https:\\\/\\\/www.visita-valencia.com\\\/los-5-mejores-brunch-valencia#breadcrumb\"},\"inLanguage\":\"it-IT\",\"potentialAction\":[{\"@type\":\"ReadAction\",\"target\":[\"https:\\\/\\\/www.visita-valencia.com\\\/los-5-mejores-brunch-valencia\"]}]},{\"@type\":\"ImageObject\",\"inLanguage\":\"it-IT\",\"@id\":\"https:\\\/\\\/www.visita-valencia.com\\\/los-5-mejores-brunch-valencia#primaryimage\",\"url\":\"https:\\\/\\\/www.visita-valencia.com\\\/wp-content\\\/uploads\\\/2018\\\/03\\\/La-mas-Bonita-02.jpg\",\"contentUrl\":\"https:\\\/\\\/www.visita-valencia.com\\\/wp-content\\\/uploads\\\/2018\\\/03\\\/La-mas-Bonita-02.jpg\",\"width\":1382,\"height\":1634,\"caption\":\"La Mas Bonita. De tapas por Valencia\"},{\"@type\":\"BreadcrumbList\",\"@id\":\"https:\\\/\\\/www.visita-valencia.com\\\/los-5-mejores-brunch-valencia#breadcrumb\",\"itemListElement\":[{\"@type\":\"ListItem\",\"position\":1,\"name\":\"Portada\",\"item\":\"https:\\\/\\\/www.visita-valencia.com\\\/it\"},{\"@type\":\"ListItem\",\"position\":2,\"name\":\"I CINQUE MIGLIORI \u00abBRUNCH\u00bb DI VALENCIA\"}]},{\"@type\":\"WebSite\",\"@id\":\"https:\\\/\\\/www.visita-valencia.com\\\/#website\",\"url\":\"https:\\\/\\\/www.visita-valencia.com\\\/\",\"name\":\"Gu\u00eda tur\u00edstica de Valencia\",\"description\":\"Visitas guiadas en Valencia\",\"publisher\":{\"@id\":\"https:\\\/\\\/www.visita-valencia.com\\\/#organization\"},\"potentialAction\":[{\"@type\":\"SearchAction\",\"target\":{\"@type\":\"EntryPoint\",\"urlTemplate\":\"https:\\\/\\\/www.visita-valencia.com\\\/?s={search_term_string}\"},\"query-input\":{\"@type\":\"PropertyValueSpecification\",\"valueRequired\":true,\"valueName\":\"search_term_string\"}}],\"inLanguage\":\"it-IT\"},{\"@type\":\"Organization\",\"@id\":\"https:\\\/\\\/www.visita-valencia.com\\\/#organization\",\"name\":\"Visita-Valencia\",\"url\":\"https:\\\/\\\/www.visita-valencia.com\\\/\",\"logo\":{\"@type\":\"ImageObject\",\"inLanguage\":\"it-IT\",\"@id\":\"https:\\\/\\\/www.visita-valencia.com\\\/#\\\/schema\\\/logo\\\/image\\\/\",\"url\":\"http:\\\/\\\/www.visita-valencia.com\\\/wp-content\\\/uploads\\\/2018\\\/01\\\/logo-VV-blanco-web.png\",\"contentUrl\":\"http:\\\/\\\/www.visita-valencia.com\\\/wp-content\\\/uploads\\\/2018\\\/01\\\/logo-VV-blanco-web.png\",\"width\":241,\"height\":84,\"caption\":\"Visita-Valencia\"},\"image\":{\"@id\":\"https:\\\/\\\/www.visita-valencia.com\\\/#\\\/schema\\\/logo\\\/image\\\/\"}},{\"@type\":\"Person\",\"@id\":\"https:\\\/\\\/www.visita-valencia.com\\\/#\\\/schema\\\/person\\\/499cd30a7351987307d19dafcc9c6871\",\"name\":\"Visita\",\"image\":{\"@type\":\"ImageObject\",\"inLanguage\":\"it-IT\",\"@id\":\"https:\\\/\\\/secure.gravatar.com\\\/avatar\\\/d1aedb2e4a71b868a620916cae82d968254291ed5fcb78d088031183d61de1fd?s=96&d=mm&r=g\",\"url\":\"https:\\\/\\\/secure.gravatar.com\\\/avatar\\\/d1aedb2e4a71b868a620916cae82d968254291ed5fcb78d088031183d61de1fd?s=96&d=mm&r=g\",\"contentUrl\":\"https:\\\/\\\/secure.gravatar.com\\\/avatar\\\/d1aedb2e4a71b868a620916cae82d968254291ed5fcb78d088031183d61de1fd?s=96&d=mm&r=g\",\"caption\":\"Visita\"},\"url\":\"https:\\\/\\\/www.visita-valencia.com\\\/it\\\/author\\\/visita\"}]}<\/script>\n<!-- \/ Yoast SEO plugin. -->","yoast_head_json":{"title":"Los mejores Brunch de Valencia. \u00a1No te los pierdas! | Visita-Valencia","description":"\u00bfQu\u00e9 es el \u201cbrunch\u201d? y \u00bfCu\u00e1les son los 5 mejores Brunch de Valencia? \u00bfD\u00f3nde podemos tomar los mejores brunch en Valencia? Todas las respuestas en el blog de Visita-Valencia.","robots":{"index":"index","follow":"follow","max-snippet":"max-snippet:-1","max-image-preview":"max-image-preview:large","max-video-preview":"max-video-preview:-1"},"canonical":"https:\/\/www.visita-valencia.com\/los-5-mejores-brunch-valencia","og_locale":"it_IT","og_type":"article","og_title":"Los mejores Brunch de Valencia. \u00a1No te los pierdas! | Visita-Valencia","og_description":"\u00bfQu\u00e9 es el \u201cbrunch\u201d? y \u00bfCu\u00e1les son los 5 mejores Brunch de Valencia? \u00bfD\u00f3nde podemos tomar los mejores brunch en Valencia? Todas las respuestas en el blog de Visita-Valencia.","og_url":"https:\/\/www.visita-valencia.com\/los-5-mejores-brunch-valencia","og_site_name":"Gu\u00eda tur\u00edstica de Valencia","article_published_time":"2018-03-09T07:30:22+00:00","article_modified_time":"2018-06-05T13:53:08+00:00","og_image":[{"width":1382,"height":1634,"url":"https:\/\/www.visita-valencia.com\/wp-content\/uploads\/2018\/03\/La-mas-Bonita-02.jpg","type":"image\/jpeg"}],"author":"Visita","twitter_card":"summary_large_image","twitter_misc":{"Scritto da":"Visita","Tempo di lettura stimato":"4 minuti"},"schema":{"@context":"https:\/\/schema.org","@graph":[{"@type":"Article","@id":"https:\/\/www.visita-valencia.com\/los-5-mejores-brunch-valencia#article","isPartOf":{"@id":"https:\/\/www.visita-valencia.com\/los-5-mejores-brunch-valencia"},"author":{"name":"Visita","@id":"https:\/\/www.visita-valencia.com\/#\/schema\/person\/499cd30a7351987307d19dafcc9c6871"},"headline":"I CINQUE MIGLIORI &#8220;BRUNCH&#8221; DI VALENCIA","datePublished":"2018-03-09T07:30:22+00:00","dateModified":"2018-06-05T13:53:08+00:00","mainEntityOfPage":{"@id":"https:\/\/www.visita-valencia.com\/los-5-mejores-brunch-valencia"},"wordCount":894,"commentCount":1,"publisher":{"@id":"https:\/\/www.visita-valencia.com\/#organization"},"image":{"@id":"https:\/\/www.visita-valencia.com\/los-5-mejores-brunch-valencia#primaryimage"},"thumbnailUrl":"https:\/\/www.visita-valencia.com\/wp-content\/uploads\/2018\/03\/La-mas-Bonita-02.jpg","keywords":["brunch","brunch en valencia","mejores sitios de brunch en valencia","Turismo en valencia","visita valencia"],"articleSection":["Gastronomia a Valencia","Novedades en Valencia"],"inLanguage":"it-IT","potentialAction":[{"@type":"CommentAction","name":"Comment","target":["https:\/\/www.visita-valencia.com\/los-5-mejores-brunch-valencia#respond"]}]},{"@type":"WebPage","@id":"https:\/\/www.visita-valencia.com\/los-5-mejores-brunch-valencia","url":"https:\/\/www.visita-valencia.com\/los-5-mejores-brunch-valencia","name":"Los mejores Brunch de Valencia. \u00a1No te los pierdas! | Visita-Valencia","isPartOf":{"@id":"https:\/\/www.visita-valencia.com\/#website"},"primaryImageOfPage":{"@id":"https:\/\/www.visita-valencia.com\/los-5-mejores-brunch-valencia#primaryimage"},"image":{"@id":"https:\/\/www.visita-valencia.com\/los-5-mejores-brunch-valencia#primaryimage"},"thumbnailUrl":"https:\/\/www.visita-valencia.com\/wp-content\/uploads\/2018\/03\/La-mas-Bonita-02.jpg","datePublished":"2018-03-09T07:30:22+00:00","dateModified":"2018-06-05T13:53:08+00:00","description":"\u00bfQu\u00e9 es el \u201cbrunch\u201d? y \u00bfCu\u00e1les son los 5 mejores Brunch de Valencia? \u00bfD\u00f3nde podemos tomar los mejores brunch en Valencia? Todas las respuestas en el blog de Visita-Valencia.","breadcrumb":{"@id":"https:\/\/www.visita-valencia.com\/los-5-mejores-brunch-valencia#breadcrumb"},"inLanguage":"it-IT","potentialAction":[{"@type":"ReadAction","target":["https:\/\/www.visita-valencia.com\/los-5-mejores-brunch-valencia"]}]},{"@type":"ImageObject","inLanguage":"it-IT","@id":"https:\/\/www.visita-valencia.com\/los-5-mejores-brunch-valencia#primaryimage","url":"https:\/\/www.visita-valencia.com\/wp-content\/uploads\/2018\/03\/La-mas-Bonita-02.jpg","contentUrl":"https:\/\/www.visita-valencia.com\/wp-content\/uploads\/2018\/03\/La-mas-Bonita-02.jpg","width":1382,"height":1634,"caption":"La Mas Bonita. De tapas por Valencia"},{"@type":"BreadcrumbList","@id":"https:\/\/www.visita-valencia.com\/los-5-mejores-brunch-valencia#breadcrumb","itemListElement":[{"@type":"ListItem","position":1,"name":"Portada","item":"https:\/\/www.visita-valencia.com\/it"},{"@type":"ListItem","position":2,"name":"I CINQUE MIGLIORI \u00abBRUNCH\u00bb DI VALENCIA"}]},{"@type":"WebSite","@id":"https:\/\/www.visita-valencia.com\/#website","url":"https:\/\/www.visita-valencia.com\/","name":"Gu\u00eda tur\u00edstica de Valencia","description":"Visitas guiadas en Valencia","publisher":{"@id":"https:\/\/www.visita-valencia.com\/#organization"},"potentialAction":[{"@type":"SearchAction","target":{"@type":"EntryPoint","urlTemplate":"https:\/\/www.visita-valencia.com\/?s={search_term_string}"},"query-input":{"@type":"PropertyValueSpecification","valueRequired":true,"valueName":"search_term_string"}}],"inLanguage":"it-IT"},{"@type":"Organization","@id":"https:\/\/www.visita-valencia.com\/#organization","name":"Visita-Valencia","url":"https:\/\/www.visita-valencia.com\/","logo":{"@type":"ImageObject","inLanguage":"it-IT","@id":"https:\/\/www.visita-valencia.com\/#\/schema\/logo\/image\/","url":"http:\/\/www.visita-valencia.com\/wp-content\/uploads\/2018\/01\/logo-VV-blanco-web.png","contentUrl":"http:\/\/www.visita-valencia.com\/wp-content\/uploads\/2018\/01\/logo-VV-blanco-web.png","width":241,"height":84,"caption":"Visita-Valencia"},"image":{"@id":"https:\/\/www.visita-valencia.com\/#\/schema\/logo\/image\/"}},{"@type":"Person","@id":"https:\/\/www.visita-valencia.com\/#\/schema\/person\/499cd30a7351987307d19dafcc9c6871","name":"Visita","image":{"@type":"ImageObject","inLanguage":"it-IT","@id":"https:\/\/secure.gravatar.com\/avatar\/d1aedb2e4a71b868a620916cae82d968254291ed5fcb78d088031183d61de1fd?s=96&d=mm&r=g","url":"https:\/\/secure.gravatar.com\/avatar\/d1aedb2e4a71b868a620916cae82d968254291ed5fcb78d088031183d61de1fd?s=96&d=mm&r=g","contentUrl":"https:\/\/secure.gravatar.com\/avatar\/d1aedb2e4a71b868a620916cae82d968254291ed5fcb78d088031183d61de1fd?s=96&d=mm&r=g","caption":"Visita"},"url":"https:\/\/www.visita-valencia.com\/it\/author\/visita"}]}},"_links":{"self":[{"href":"https:\/\/www.visita-valencia.com\/it\/wp-json\/wp\/v2\/posts\/2194","targetHints":{"allow":["GET"]}}],"collection":[{"href":"https:\/\/www.visita-valencia.com\/it\/wp-json\/wp\/v2\/posts"}],"about":[{"href":"https:\/\/www.visita-valencia.com\/it\/wp-json\/wp\/v2\/types\/post"}],"author":[{"embeddable":true,"href":"https:\/\/www.visita-valencia.com\/it\/wp-json\/wp\/v2\/users\/1"}],"replies":[{"embeddable":true,"href":"https:\/\/www.visita-valencia.com\/it\/wp-json\/wp\/v2\/comments?post=2194"}],"version-history":[{"count":3,"href":"https:\/\/www.visita-valencia.com\/it\/wp-json\/wp\/v2\/posts\/2194\/revisions"}],"predecessor-version":[{"id":2286,"href":"https:\/\/www.visita-valencia.com\/it\/wp-json\/wp\/v2\/posts\/2194\/revisions\/2286"}],"wp:featuredmedia":[{"embeddable":true,"href":"https:\/\/www.visita-valencia.com\/it\/wp-json\/wp\/v2\/media\/1749"}],"wp:attachment":[{"href":"https:\/\/www.visita-valencia.com\/it\/wp-json\/wp\/v2\/media?parent=2194"}],"wp:term":[{"taxonomy":"category","embeddable":true,"href":"https:\/\/www.visita-valencia.com\/it\/wp-json\/wp\/v2\/categories?post=2194"},{"taxonomy":"post_tag","embeddable":true,"href":"https:\/\/www.visita-valencia.com\/it\/wp-json\/wp\/v2\/tags?post=2194"}],"curies":[{"name":"wp","href":"https:\/\/api.w.org\/{rel}","templated":true}]}}