{"id":2196,"date":"2018-03-15T10:34:18","date_gmt":"2018-03-15T10:34:18","guid":{"rendered":"http:\/\/www.visita-valencia.com\/los-jardines-del-turia-pulmon-verde"},"modified":"2020-03-25T09:18:03","modified_gmt":"2020-03-25T09:18:03","slug":"los-jardines-del-turia-pulmon-verde","status":"publish","type":"post","link":"https:\/\/www.visita-valencia.com\/it\/los-jardines-del-turia-pulmon-verde","title":{"rendered":"IL GIARDINO DEL TURIA, IL POLMONE VERDE DI VALENCIA"},"content":{"rendered":"<p class=\"Poromisin\" style=\"text-align: justify;\"><span class=\"Ninguno\">\u201dValencia vive de espaldas al mar\u201d, cio\u00e8 \u201dValencia vive dando le spalle al mare&#8221; \u00e8 una frase che abbiamo sentito tutti noi valenciani almeno una volta nella vita\u2026 <\/span><\/p>\n<p class=\"Poromisin\" style=\"text-align: justify;\"><span class=\"Ninguno\">E cosa significa esattamente? Ti spiego\u2026 Anche se \u00e8 difficile da credere, la citt\u00e0 di Valencia ed il mare non hanno mai avuto un rapporto cos\u00ec stretto. Ricorda che la citt\u00e0 romana di Valentia \u00e8 stata fondata su un&#8217;isola fluviale situata tra il fiume Turia e un suo braccio e questa isola era lontana dal mare, circa quattro chilometri. Quindi, l&#8217;origine di Valencia non \u00e8 stato legato al mare ma s\u00ec al suo fiume.<\/span><\/p>\n<p class=\"Poromisin\" style=\"text-align: justify;\"><span class=\"Ninguno\">Duemila anni dopo la fondazione di Valencia, noi valenciani continuiamo ad avere un vinculo molto speciale con il nostro fiume Turia, che ancora chiamiamo fiume anche se non c\u00b4\u00e8 pi\u00f9 acqua &#8230;<\/span><b><u><\/u><\/b><\/p>\n<p class=\"CuerpoA\" style=\"text-align: justify;\"><span class=\"Ninguno\">E cosa \u00e8 successo a questo fiume? La risposta \u00e8 la <i>Riada del \u00b457<\/i>, cio\u00e8, l\u00b4alluvione del 1957, quando il 14 ottobre di quell&#8217;anno il fiume trabocc\u00f2 dopo diversi giorni di piogge torrenziali. Per evitare future inondazioni, il letto del fiume \u00e8 stato deviato dalla parte sud della citt\u00e0 con una nuova foce ed il vecchio letto \u00e8 diventato un bellissimo giardino. E chi avrebbe immaginato che dopo quella grande catastrofe, questo antico fiume sarebbe stato oggi uno dei gioielli di Valencia, il nostro polmone verde?<\/span><\/p>\n<p class=\"CuerpoA\" style=\"text-align: justify;\"><span class=\"Ninguno\">Chiarito questo punto, \u00e8 fondamentale sottolineare la presenza del popolo valenciano che ha permesso alle generazioni future godere di questo meraviglioso giardino. Durante gli anni \u00b470 una mobilitazione cittadina si \u00e8 sviluppata con il motto &#8220;Il fiume \u00e8 nostro e noi lo vogliamo verde&#8221; che ha vinto la battaglia al progetto iniziale di trasformarlo in\u00a0\u00a0\u00a0\u00a0\u00a0\u00a0 un\u2019autostrada. Non voglio immaginare quanto sarebbe diversa Valencia con questa\u00a0\u00a0\u00a0 orribile strada asfaltata \u2026<\/span><\/p>\n<p class=\"CuerpoA\" style=\"text-align: justify;\"><span class=\"Ninguno\">Quindi grazie a loro, oggi abbiamo un giardino di quasi 10 chilometri di lunghezza. Ma non \u00e8 solo un giardino, \u00e8 anche un luogo per lo sport, per il divertimento dei bambini e per la cultura. Passeggiando lungo questo giardino troverai molti impianti sportivi per praticare tutti i tipi di sport: piste ciclabili, zone per fare jogging, campi da calcio, casi da tennis, ecc.<\/span><\/p>\n<p class=\"CuerpoA\" style=\"text-align: justify;\"><span class=\"Ninguno\">Bene, una volta che tutti sappiamo perch\u00e8 noi valenciani chiamiamo fiume un giardino, vorrei darvi alcuni consigli su come e quando potete visitarlo e alcune delle opzioni che offre.<\/span><\/p>\n<p class=\"CuerpoA\" style=\"text-align: justify;\"><span class=\"Ninguno\">Senza dubbio una delle migliori opzioni \u00e8 percorrerlo in bicicletta. Valencia \u00e8 una citt\u00e0 completamente pianeggiante, quindi non allarmarti se non vai in bicicletta da tanto tempo perch\u00e8 la passeggiata \u00e8 molto semplice e devi solo preoccuparti di godere l&#8217;atmosfera e respirare aria fresca. Per fare questo puoi noleggiare una bicicletta in uno dei tanti negozi di noleggio di biciclette a Valencia. Una delle mie aziende di fiducia \u00e8\u00a0<b><a href=\"https:\/\/www.doyoubikerental.com\">Do You Bike<\/a>\u00a0<\/b>, con negozi in diverse zone della citt\u00e0. Un&#8217;altra possibilit\u00e0 molto divertente \u00e8 quella di farlo in cyclobike con capacit\u00e0 per 3 o 6 persone. Li puoi trovare a <a href=\"http:\/\/www.cyclobikesvalencia.com\"><b>Cyclo Bikes Valencia<\/b><\/a>, situato all&#8217;interno dei Jardines del Turia, vicino al Parco del Gulliver.<\/span><\/p>\n<p class=\"CuerpoA\" style=\"text-align: justify;\"><span class=\"Ninguno\">E a proposito del Parco del Gulliver&#8230; Se venite a <a href=\"https:\/\/www.visita-valencia.com\/it\/que-hacer-ninos-valencia\">Valencia con bambini<\/a>, una sosta al\u00a0Parco Gulliver \u00e8 quasi obbligatoria. \u00c8 una monumentale scultura di Gulliver di 70 metri in cui tutto il suo corpo sono scivoli, rampe e scale per i bambini che potranno sentirsi come i piccoli lillipuziani della storia di \u201cI Viaggi di Gulliver\u201d, scritta da Jonathan Swift. \u00c8 aperto tutti i giorni e l&#8217;ingresso \u00e8 gratuito.<\/span><\/p>\n<p class=\"CuerpoA\" style=\"text-align: justify;\"><span class=\"Ninguno\">Ma i Jardines del Turia non sono solo giochi e sport, c&#8217;\u00e8 anche spazio per la cultura. Dentro del vecchio letto del fiume ti sorprenderanno luoghi come la <a href=\"https:\/\/www.visita-valencia.com\/it\/visitas-guiadas-tours-valencia\/ciudad-artes-ciencias\">Citt\u00e0 delle Arti e delle Scienze<\/a> o il Palazzo della Musica, un luogo dedicato alla musica e ad altri eventi culturali.<\/span><\/p>\n<p class=\"CuerpoA\" style=\"text-align: justify;\"><strong><span class=\"Ninguno\">Quindi non esitare, se vieni a Valencia, devi dedicare una mattina al nostro polmone verde chiamato Jardines del T\u00faria!<\/span><\/strong><\/p>\n","protected":false},"excerpt":{"rendered":"<p>\u201dValencia vive de espaldas al mar\u201d, cio\u00e8 \u201dValencia vive dando le spalle al mare&#8221; \u00e8 una frase che abbiamo sentito tutti noi valenciani almeno una [&hellip;]<\/p>\n","protected":false},"author":1,"featured_media":1845,"comment_status":"open","ping_status":"open","sticky":false,"template":"","format":"gallery","meta":{"footnotes":""},"categories":[114,93],"tags":[95,115,96,116,117,118,99,102,104,113,119],"class_list":["post-2196","post","type-post","status-publish","format-gallery","has-post-thumbnail","hentry","category-informacion-practica-sobre-valencia-it","category-tours-en-valencia-it","tag-ciudad-de-las-artes-y-las-ciencias-it","tag-gran-riada-de-valencia-it","tag-jardines-del-turia-it","tag-palau-de-la-musica-it","tag-parque-del-gulliver-it","tag-riada-el-57-it","tag-tour-en-bicicleta-en-valencia-it","tag-valencia-para-ninos-it","tag-visita-guiada-valencia-it","tag-visita-valencia-it","tag-zonas-verdes-valencia-it","post_format-post-format-gallery"],"yoast_head":"<!-- This site is optimized with the Yoast SEO plugin v27.5 - https:\/\/yoast.com\/product\/yoast-seo-wordpress\/ -->\n<title>Los Jardines de Turia un espacio \u00fanico en Valencia | Visita-Valencia<\/title>\n<meta name=\"description\" content=\"Descubre todo lo que hay que saber Los Jardines de Turia en Valencia. Un espacio \u00fanico y extraordinario para visitar en Valencia. \u00a1Desc\u00fabrelos!\" \/>\n<meta name=\"robots\" content=\"index, follow, max-snippet:-1, max-image-preview:large, max-video-preview:-1\" \/>\n<link rel=\"canonical\" href=\"https:\/\/www.visita-valencia.com\/los-jardines-del-turia-pulmon-verde\" \/>\n<meta property=\"og:locale\" content=\"it_IT\" \/>\n<meta property=\"og:type\" content=\"article\" \/>\n<meta property=\"og:title\" content=\"Los Jardines de Turia un espacio \u00fanico en Valencia | Visita-Valencia\" \/>\n<meta property=\"og:description\" content=\"Descubre todo lo que hay que saber Los Jardines de Turia en Valencia. Un espacio \u00fanico y extraordinario para visitar en Valencia. \u00a1Desc\u00fabrelos!\" \/>\n<meta property=\"og:url\" content=\"https:\/\/www.visita-valencia.com\/los-jardines-del-turia-pulmon-verde\" \/>\n<meta property=\"og:site_name\" content=\"Gu\u00eda tur\u00edstica de Valencia\" \/>\n<meta property=\"article:published_time\" content=\"2018-03-15T10:34:18+00:00\" \/>\n<meta property=\"article:modified_time\" content=\"2020-03-25T09:18:03+00:00\" \/>\n<meta property=\"og:image\" content=\"https:\/\/www.visita-valencia.com\/wp-content\/uploads\/2018\/03\/Palau-de-les-Arts-Reina-Sof\u00eda-web.jpg\" \/>\n\t<meta property=\"og:image:width\" content=\"1132\" \/>\n\t<meta property=\"og:image:height\" content=\"750\" \/>\n\t<meta property=\"og:image:type\" content=\"image\/jpeg\" \/>\n<meta name=\"author\" content=\"Visita\" \/>\n<meta name=\"twitter:card\" content=\"summary_large_image\" \/>\n<meta name=\"twitter:label1\" content=\"Scritto da\" \/>\n\t<meta name=\"twitter:data1\" content=\"Visita\" \/>\n\t<meta name=\"twitter:label2\" content=\"Tempo di lettura stimato\" \/>\n\t<meta name=\"twitter:data2\" content=\"3 minuti\" \/>\n<script type=\"application\/ld+json\" class=\"yoast-schema-graph\">{\"@context\":\"https:\\\/\\\/schema.org\",\"@graph\":[{\"@type\":\"Article\",\"@id\":\"https:\\\/\\\/www.visita-valencia.com\\\/los-jardines-del-turia-pulmon-verde#article\",\"isPartOf\":{\"@id\":\"https:\\\/\\\/www.visita-valencia.com\\\/los-jardines-del-turia-pulmon-verde\"},\"author\":{\"name\":\"Visita\",\"@id\":\"https:\\\/\\\/www.visita-valencia.com\\\/#\\\/schema\\\/person\\\/499cd30a7351987307d19dafcc9c6871\"},\"headline\":\"IL GIARDINO DEL TURIA, IL POLMONE VERDE DI VALENCIA\",\"datePublished\":\"2018-03-15T10:34:18+00:00\",\"dateModified\":\"2020-03-25T09:18:03+00:00\",\"mainEntityOfPage\":{\"@id\":\"https:\\\/\\\/www.visita-valencia.com\\\/los-jardines-del-turia-pulmon-verde\"},\"wordCount\":622,\"commentCount\":1,\"publisher\":{\"@id\":\"https:\\\/\\\/www.visita-valencia.com\\\/#organization\"},\"image\":{\"@id\":\"https:\\\/\\\/www.visita-valencia.com\\\/los-jardines-del-turia-pulmon-verde#primaryimage\"},\"thumbnailUrl\":\"https:\\\/\\\/www.visita-valencia.com\\\/wp-content\\\/uploads\\\/2018\\\/03\\\/Palau-de-les-Arts-Reina-Sof\u00eda-web.jpg\",\"keywords\":[\"Ciudad de las Artes y las Ciencias\",\"Gran Riada de Valencia\",\"Jardines del Turia\",\"Palau de la Musica\",\"Parque del Gulliver\",\"Riada el 57\",\"Tour en bicicleta en Valencia\",\"Valencia para ni\u00f1os\",\"Visita guiada Valencia\",\"visita valencia\",\"Zonas verdes Valencia\"],\"articleSection\":[\"Informaci\u00f3n pr\u00e1ctica sobre Valencia\",\"Tours en Valencia\"],\"inLanguage\":\"it-IT\",\"potentialAction\":[{\"@type\":\"CommentAction\",\"name\":\"Comment\",\"target\":[\"https:\\\/\\\/www.visita-valencia.com\\\/los-jardines-del-turia-pulmon-verde#respond\"]}]},{\"@type\":\"WebPage\",\"@id\":\"https:\\\/\\\/www.visita-valencia.com\\\/los-jardines-del-turia-pulmon-verde\",\"url\":\"https:\\\/\\\/www.visita-valencia.com\\\/los-jardines-del-turia-pulmon-verde\",\"name\":\"Los Jardines de Turia un espacio \u00fanico en Valencia | Visita-Valencia\",\"isPartOf\":{\"@id\":\"https:\\\/\\\/www.visita-valencia.com\\\/#website\"},\"primaryImageOfPage\":{\"@id\":\"https:\\\/\\\/www.visita-valencia.com\\\/los-jardines-del-turia-pulmon-verde#primaryimage\"},\"image\":{\"@id\":\"https:\\\/\\\/www.visita-valencia.com\\\/los-jardines-del-turia-pulmon-verde#primaryimage\"},\"thumbnailUrl\":\"https:\\\/\\\/www.visita-valencia.com\\\/wp-content\\\/uploads\\\/2018\\\/03\\\/Palau-de-les-Arts-Reina-Sof\u00eda-web.jpg\",\"datePublished\":\"2018-03-15T10:34:18+00:00\",\"dateModified\":\"2020-03-25T09:18:03+00:00\",\"description\":\"Descubre todo lo que hay que saber Los Jardines de Turia en Valencia. Un espacio \u00fanico y extraordinario para visitar en Valencia. \u00a1Desc\u00fabrelos!\",\"breadcrumb\":{\"@id\":\"https:\\\/\\\/www.visita-valencia.com\\\/los-jardines-del-turia-pulmon-verde#breadcrumb\"},\"inLanguage\":\"it-IT\",\"potentialAction\":[{\"@type\":\"ReadAction\",\"target\":[\"https:\\\/\\\/www.visita-valencia.com\\\/los-jardines-del-turia-pulmon-verde\"]}]},{\"@type\":\"ImageObject\",\"inLanguage\":\"it-IT\",\"@id\":\"https:\\\/\\\/www.visita-valencia.com\\\/los-jardines-del-turia-pulmon-verde#primaryimage\",\"url\":\"https:\\\/\\\/www.visita-valencia.com\\\/wp-content\\\/uploads\\\/2018\\\/03\\\/Palau-de-les-Arts-Reina-Sof\u00eda-web.jpg\",\"contentUrl\":\"https:\\\/\\\/www.visita-valencia.com\\\/wp-content\\\/uploads\\\/2018\\\/03\\\/Palau-de-les-Arts-Reina-Sof\u00eda-web.jpg\",\"width\":1132,\"height\":750,\"caption\":\"visitas guiadas en valencia\"},{\"@type\":\"BreadcrumbList\",\"@id\":\"https:\\\/\\\/www.visita-valencia.com\\\/los-jardines-del-turia-pulmon-verde#breadcrumb\",\"itemListElement\":[{\"@type\":\"ListItem\",\"position\":1,\"name\":\"Portada\",\"item\":\"https:\\\/\\\/www.visita-valencia.com\\\/it\"},{\"@type\":\"ListItem\",\"position\":2,\"name\":\"IL GIARDINO DEL TURIA, IL POLMONE VERDE DI VALENCIA\"}]},{\"@type\":\"WebSite\",\"@id\":\"https:\\\/\\\/www.visita-valencia.com\\\/#website\",\"url\":\"https:\\\/\\\/www.visita-valencia.com\\\/\",\"name\":\"Gu\u00eda tur\u00edstica de Valencia\",\"description\":\"Visitas guiadas en Valencia\",\"publisher\":{\"@id\":\"https:\\\/\\\/www.visita-valencia.com\\\/#organization\"},\"potentialAction\":[{\"@type\":\"SearchAction\",\"target\":{\"@type\":\"EntryPoint\",\"urlTemplate\":\"https:\\\/\\\/www.visita-valencia.com\\\/?s={search_term_string}\"},\"query-input\":{\"@type\":\"PropertyValueSpecification\",\"valueRequired\":true,\"valueName\":\"search_term_string\"}}],\"inLanguage\":\"it-IT\"},{\"@type\":\"Organization\",\"@id\":\"https:\\\/\\\/www.visita-valencia.com\\\/#organization\",\"name\":\"Visita-Valencia\",\"url\":\"https:\\\/\\\/www.visita-valencia.com\\\/\",\"logo\":{\"@type\":\"ImageObject\",\"inLanguage\":\"it-IT\",\"@id\":\"https:\\\/\\\/www.visita-valencia.com\\\/#\\\/schema\\\/logo\\\/image\\\/\",\"url\":\"http:\\\/\\\/www.visita-valencia.com\\\/wp-content\\\/uploads\\\/2018\\\/01\\\/logo-VV-blanco-web.png\",\"contentUrl\":\"http:\\\/\\\/www.visita-valencia.com\\\/wp-content\\\/uploads\\\/2018\\\/01\\\/logo-VV-blanco-web.png\",\"width\":241,\"height\":84,\"caption\":\"Visita-Valencia\"},\"image\":{\"@id\":\"https:\\\/\\\/www.visita-valencia.com\\\/#\\\/schema\\\/logo\\\/image\\\/\"}},{\"@type\":\"Person\",\"@id\":\"https:\\\/\\\/www.visita-valencia.com\\\/#\\\/schema\\\/person\\\/499cd30a7351987307d19dafcc9c6871\",\"name\":\"Visita\",\"image\":{\"@type\":\"ImageObject\",\"inLanguage\":\"it-IT\",\"@id\":\"https:\\\/\\\/secure.gravatar.com\\\/avatar\\\/d1aedb2e4a71b868a620916cae82d968254291ed5fcb78d088031183d61de1fd?s=96&d=mm&r=g\",\"url\":\"https:\\\/\\\/secure.gravatar.com\\\/avatar\\\/d1aedb2e4a71b868a620916cae82d968254291ed5fcb78d088031183d61de1fd?s=96&d=mm&r=g\",\"contentUrl\":\"https:\\\/\\\/secure.gravatar.com\\\/avatar\\\/d1aedb2e4a71b868a620916cae82d968254291ed5fcb78d088031183d61de1fd?s=96&d=mm&r=g\",\"caption\":\"Visita\"},\"url\":\"https:\\\/\\\/www.visita-valencia.com\\\/it\\\/author\\\/visita\"}]}<\/script>\n<!-- \/ Yoast SEO plugin. -->","yoast_head_json":{"title":"Los Jardines de Turia un espacio \u00fanico en Valencia | Visita-Valencia","description":"Descubre todo lo que hay que saber Los Jardines de Turia en Valencia. Un espacio \u00fanico y extraordinario para visitar en Valencia. \u00a1Desc\u00fabrelos!","robots":{"index":"index","follow":"follow","max-snippet":"max-snippet:-1","max-image-preview":"max-image-preview:large","max-video-preview":"max-video-preview:-1"},"canonical":"https:\/\/www.visita-valencia.com\/los-jardines-del-turia-pulmon-verde","og_locale":"it_IT","og_type":"article","og_title":"Los Jardines de Turia un espacio \u00fanico en Valencia | Visita-Valencia","og_description":"Descubre todo lo que hay que saber Los Jardines de Turia en Valencia. Un espacio \u00fanico y extraordinario para visitar en Valencia. \u00a1Desc\u00fabrelos!","og_url":"https:\/\/www.visita-valencia.com\/los-jardines-del-turia-pulmon-verde","og_site_name":"Gu\u00eda tur\u00edstica de Valencia","article_published_time":"2018-03-15T10:34:18+00:00","article_modified_time":"2020-03-25T09:18:03+00:00","og_image":[{"width":1132,"height":750,"url":"https:\/\/www.visita-valencia.com\/wp-content\/uploads\/2018\/03\/Palau-de-les-Arts-Reina-Sof\u00eda-web.jpg","type":"image\/jpeg"}],"author":"Visita","twitter_card":"summary_large_image","twitter_misc":{"Scritto da":"Visita","Tempo di lettura stimato":"3 minuti"},"schema":{"@context":"https:\/\/schema.org","@graph":[{"@type":"Article","@id":"https:\/\/www.visita-valencia.com\/los-jardines-del-turia-pulmon-verde#article","isPartOf":{"@id":"https:\/\/www.visita-valencia.com\/los-jardines-del-turia-pulmon-verde"},"author":{"name":"Visita","@id":"https:\/\/www.visita-valencia.com\/#\/schema\/person\/499cd30a7351987307d19dafcc9c6871"},"headline":"IL GIARDINO DEL TURIA, IL POLMONE VERDE DI VALENCIA","datePublished":"2018-03-15T10:34:18+00:00","dateModified":"2020-03-25T09:18:03+00:00","mainEntityOfPage":{"@id":"https:\/\/www.visita-valencia.com\/los-jardines-del-turia-pulmon-verde"},"wordCount":622,"commentCount":1,"publisher":{"@id":"https:\/\/www.visita-valencia.com\/#organization"},"image":{"@id":"https:\/\/www.visita-valencia.com\/los-jardines-del-turia-pulmon-verde#primaryimage"},"thumbnailUrl":"https:\/\/www.visita-valencia.com\/wp-content\/uploads\/2018\/03\/Palau-de-les-Arts-Reina-Sof\u00eda-web.jpg","keywords":["Ciudad de las Artes y las Ciencias","Gran Riada de Valencia","Jardines del Turia","Palau de la Musica","Parque del Gulliver","Riada el 57","Tour en bicicleta en Valencia","Valencia para ni\u00f1os","Visita guiada Valencia","visita valencia","Zonas verdes Valencia"],"articleSection":["Informaci\u00f3n pr\u00e1ctica sobre Valencia","Tours en Valencia"],"inLanguage":"it-IT","potentialAction":[{"@type":"CommentAction","name":"Comment","target":["https:\/\/www.visita-valencia.com\/los-jardines-del-turia-pulmon-verde#respond"]}]},{"@type":"WebPage","@id":"https:\/\/www.visita-valencia.com\/los-jardines-del-turia-pulmon-verde","url":"https:\/\/www.visita-valencia.com\/los-jardines-del-turia-pulmon-verde","name":"Los Jardines de Turia un espacio \u00fanico en Valencia | Visita-Valencia","isPartOf":{"@id":"https:\/\/www.visita-valencia.com\/#website"},"primaryImageOfPage":{"@id":"https:\/\/www.visita-valencia.com\/los-jardines-del-turia-pulmon-verde#primaryimage"},"image":{"@id":"https:\/\/www.visita-valencia.com\/los-jardines-del-turia-pulmon-verde#primaryimage"},"thumbnailUrl":"https:\/\/www.visita-valencia.com\/wp-content\/uploads\/2018\/03\/Palau-de-les-Arts-Reina-Sof\u00eda-web.jpg","datePublished":"2018-03-15T10:34:18+00:00","dateModified":"2020-03-25T09:18:03+00:00","description":"Descubre todo lo que hay que saber Los Jardines de Turia en Valencia. Un espacio \u00fanico y extraordinario para visitar en Valencia. \u00a1Desc\u00fabrelos!","breadcrumb":{"@id":"https:\/\/www.visita-valencia.com\/los-jardines-del-turia-pulmon-verde#breadcrumb"},"inLanguage":"it-IT","potentialAction":[{"@type":"ReadAction","target":["https:\/\/www.visita-valencia.com\/los-jardines-del-turia-pulmon-verde"]}]},{"@type":"ImageObject","inLanguage":"it-IT","@id":"https:\/\/www.visita-valencia.com\/los-jardines-del-turia-pulmon-verde#primaryimage","url":"https:\/\/www.visita-valencia.com\/wp-content\/uploads\/2018\/03\/Palau-de-les-Arts-Reina-Sof\u00eda-web.jpg","contentUrl":"https:\/\/www.visita-valencia.com\/wp-content\/uploads\/2018\/03\/Palau-de-les-Arts-Reina-Sof\u00eda-web.jpg","width":1132,"height":750,"caption":"visitas guiadas en valencia"},{"@type":"BreadcrumbList","@id":"https:\/\/www.visita-valencia.com\/los-jardines-del-turia-pulmon-verde#breadcrumb","itemListElement":[{"@type":"ListItem","position":1,"name":"Portada","item":"https:\/\/www.visita-valencia.com\/it"},{"@type":"ListItem","position":2,"name":"IL GIARDINO DEL TURIA, IL POLMONE VERDE DI VALENCIA"}]},{"@type":"WebSite","@id":"https:\/\/www.visita-valencia.com\/#website","url":"https:\/\/www.visita-valencia.com\/","name":"Gu\u00eda tur\u00edstica de Valencia","description":"Visitas guiadas en Valencia","publisher":{"@id":"https:\/\/www.visita-valencia.com\/#organization"},"potentialAction":[{"@type":"SearchAction","target":{"@type":"EntryPoint","urlTemplate":"https:\/\/www.visita-valencia.com\/?s={search_term_string}"},"query-input":{"@type":"PropertyValueSpecification","valueRequired":true,"valueName":"search_term_string"}}],"inLanguage":"it-IT"},{"@type":"Organization","@id":"https:\/\/www.visita-valencia.com\/#organization","name":"Visita-Valencia","url":"https:\/\/www.visita-valencia.com\/","logo":{"@type":"ImageObject","inLanguage":"it-IT","@id":"https:\/\/www.visita-valencia.com\/#\/schema\/logo\/image\/","url":"http:\/\/www.visita-valencia.com\/wp-content\/uploads\/2018\/01\/logo-VV-blanco-web.png","contentUrl":"http:\/\/www.visita-valencia.com\/wp-content\/uploads\/2018\/01\/logo-VV-blanco-web.png","width":241,"height":84,"caption":"Visita-Valencia"},"image":{"@id":"https:\/\/www.visita-valencia.com\/#\/schema\/logo\/image\/"}},{"@type":"Person","@id":"https:\/\/www.visita-valencia.com\/#\/schema\/person\/499cd30a7351987307d19dafcc9c6871","name":"Visita","image":{"@type":"ImageObject","inLanguage":"it-IT","@id":"https:\/\/secure.gravatar.com\/avatar\/d1aedb2e4a71b868a620916cae82d968254291ed5fcb78d088031183d61de1fd?s=96&d=mm&r=g","url":"https:\/\/secure.gravatar.com\/avatar\/d1aedb2e4a71b868a620916cae82d968254291ed5fcb78d088031183d61de1fd?s=96&d=mm&r=g","contentUrl":"https:\/\/secure.gravatar.com\/avatar\/d1aedb2e4a71b868a620916cae82d968254291ed5fcb78d088031183d61de1fd?s=96&d=mm&r=g","caption":"Visita"},"url":"https:\/\/www.visita-valencia.com\/it\/author\/visita"}]}},"_links":{"self":[{"href":"https:\/\/www.visita-valencia.com\/it\/wp-json\/wp\/v2\/posts\/2196","targetHints":{"allow":["GET"]}}],"collection":[{"href":"https:\/\/www.visita-valencia.com\/it\/wp-json\/wp\/v2\/posts"}],"about":[{"href":"https:\/\/www.visita-valencia.com\/it\/wp-json\/wp\/v2\/types\/post"}],"author":[{"embeddable":true,"href":"https:\/\/www.visita-valencia.com\/it\/wp-json\/wp\/v2\/users\/1"}],"replies":[{"embeddable":true,"href":"https:\/\/www.visita-valencia.com\/it\/wp-json\/wp\/v2\/comments?post=2196"}],"version-history":[{"count":5,"href":"https:\/\/www.visita-valencia.com\/it\/wp-json\/wp\/v2\/posts\/2196\/revisions"}],"predecessor-version":[{"id":2796,"href":"https:\/\/www.visita-valencia.com\/it\/wp-json\/wp\/v2\/posts\/2196\/revisions\/2796"}],"wp:featuredmedia":[{"embeddable":true,"href":"https:\/\/www.visita-valencia.com\/it\/wp-json\/wp\/v2\/media\/1845"}],"wp:attachment":[{"href":"https:\/\/www.visita-valencia.com\/it\/wp-json\/wp\/v2\/media?parent=2196"}],"wp:term":[{"taxonomy":"category","embeddable":true,"href":"https:\/\/www.visita-valencia.com\/it\/wp-json\/wp\/v2\/categories?post=2196"},{"taxonomy":"post_tag","embeddable":true,"href":"https:\/\/www.visita-valencia.com\/it\/wp-json\/wp\/v2\/tags?post=2196"}],"curies":[{"name":"wp","href":"https:\/\/api.w.org\/{rel}","templated":true}]}}