{"id":2556,"date":"2019-02-08T12:41:41","date_gmt":"2019-02-08T12:41:41","guid":{"rendered":"http:\/\/www.visita-valencia.com?p=2556"},"modified":"2019-02-08T15:40:09","modified_gmt":"2019-02-08T15:40:09","slug":"maratona-di-valencia","status":"publish","type":"post","link":"https:\/\/www.visita-valencia.com\/it\/maratona-di-valencia","title":{"rendered":"MARATONA DI VALENCIA"},"content":{"rendered":"<p style=\"text-align: justify;\">Fino ad ora, se si pensava a Valencia, si pensava al sole, al mare, alla buona gastronomia. Oggi Valencia \u00e8 anche sport, Valencia \u00e8 jogging.<\/p>\n<p style=\"text-align: justify;\">Valencia \u00e8 stata chiamata la <a href=\"https:\/\/www.valenciaciudaddelrunning.com\/it\/\">Ciudad del Running<\/a>, cio\u00e8 la Citt\u00e0 del Running perch\u00e9 se la merita. Ci sono molti motivi che hanno fatto ottenere questo soprannome. Perch\u00e8 \u00e8 lo jogging un tipo di sport che praticano i valenciani sempre di pi\u00f9?<\/p>\n<p style=\"text-align: justify;\">Vi do alcune ragioni: per il nostro bellisimo clima con pi\u00f9 di 300 giorni di sole all&#8217;anno, per essere una citt\u00e0 piatta, per avere un polmone verde di 10 chilometri che attraversa l&#8217;intera citt\u00e0\u2026 Vi sembra abbastanza? Per qualunque ragione sia, la risposta \u00e8 che Valencia sta diventando un riferimento mondiale nel mondo dello sport e, senza dubbio, il grande evento dell&#8217;anno \u00e8 la Maratona di Valencia. Bene, quando e come \u00e8 iniziata la maratona?<\/p>\n<p style=\"text-align: justify;\">Inizieremo con la leggenda sull&#8217;origine della parola maratona. Le leggende hanno sempre una parte di verit\u00e0 e una parte di fantasia, ma sono belle da raccontare. Torniamo all&#8217;anno 490 a.C., quando un messaggero greco chiamato Filippide percorse circa 40 chilometri, dalla citt\u00e0 di Maratona all\u00b4Acropoli di Atene per annunciare la vittoria sui persiani nella battaglia di Maratona. Per questo, nei primi anni la distanza della maratona era di circa 40\u00a0km, cio\u00e8 la distanza tra Maratona ed Atene. Questa distanza dovette farla velocemente, perch\u00e8 se non fosse arrivato in tempo, gli Ateniesi avrebbero bruciato la citt\u00e0 e ucciso i bambini credendo di essere stati sconfitti in battaglia.<\/p>\n<p style=\"text-align: justify;\">Ora spiegheremo un&#8217;altra domanda che la maggior parte delle persone si fanno quando scoprono la distanza ufficiale della maratona: 42 km e 195 metri. Perch\u00e9 questa cifra cos\u00ec strana? Ci situiamo nei Giochi della IV Olimpiade a Londra del 1908. La maratona olimpica doveva originariamente partire dal Castello di Windsor e finire allo Stadio Olimpico, con un percorso di 41,843 chilometri. Gli organizzatori aggiunsero 352 metri in modo da porre la linea di partenza davanti al palco reale. La distanza risultante fu in tal modo di 42,195 chilometri. Tale distanza venne ufficialmente adottata a partir dal 1921 dalla federazione mondiale di atletica e divenne ufficiale dai successivi Giochi di Parigi del 1924.<\/p>\n<p style=\"text-align: justify;\">Oggi ci sono 6 citt\u00e0 conosciute come World Marathon Majors, cio\u00e8 \u201cGrandi della Maratona Mondiale&#8221;: New York, Boston, Chicago, Berlino, Londra e Tokyo. Sar\u00e0 Valencia una <i>major<\/i>? Forse non riusciremo mai, ma \u00e8 evidente che abbiamo migliorato molto dalla prima edizione nel 1981. Oggi la Maratona di Valencia \u00e8 considerata la pi\u00f9 veloce di Spagna. Per parlare di cifre, il record mondiale della maratona maschile \u00e8 di 2:01:39, stabilito nella maratona di Berlino del 2018 dal keniota Eliud Kipchoge. A Valencia, nella maratona di 2017 il keniota Sammy Kitwara ha fatto un tempo di 2:05:15.<span class=\"Apple-converted-space\">\u00a0<\/span><\/p>\n<p style=\"text-align: justify;\">Nel 2017 il numero di partecipanti \u00e8 stato incredibile: 19.242. E la cosa pi\u00f9 bella \u00e8 che la stragrande maggioranza ripeterebbe l\u00b4esperienza. Il risultato del questionario di soddisfazione \u00e8 di 8,9 su 10. E quali sono i fattori che vengono presi in considerazione per questa valutazione? Ce ne sono diversi: il percorso, la zona di meta situada nella bell\u00edsima <a href=\"https:\/\/www.cac.es\/va\/home.html\">Citt\u00e0 del Arti e delle Scienze<\/a>, l&#8217;animazione o l\u00b4approvvigionamento. I servizi di trasporto, alloggio e ristorazione hanno un punteggio di 4 su 5. Per il 75% degli intervistati \u00e8 stato facile o molto facile trovare un alloggio a Valencia. Questo significa che la citt\u00e0 di Valencia \u00e8 perfettamente preparata per accogliere ancora pi\u00f9 partecipanti e accompagnatori le prossime edizioni.<\/p>\n<p style=\"text-align: justify;\">Un altro aspetto che vorrei commentare in questo articolo \u00e8 l&#8217;impatto economico che comporta per la citt\u00e0 di Valencia.<\/p>\n<p style=\"text-align: justify;\">Prima di addentrarsi nella parte economica \u00e8 interessante sapere da dove vengono i partecipanti: il 30% proviene da Valencia, il 40% dal resto della Spagna e poco pi\u00f9 del 30% sono stranieri. Si stima che il costo medio giornaliero sia compreso tra 110 e 120 \u20ac al giorno e il numero medio di giorni \u00e8 di 2 per i participanti nazionali e 4 o 5 per quelli internazionali. Se prendiamo la calcolatrice, le cifre parlano da sole: 16.756.279\u20ac \u00e8 l&#8217;impatto economico della maratona a Valencia. Sembra positivo, vero?<\/p>\n<p style=\"text-align: justify;\">Ma ora ci saranno molti lettori che pensano &#8220;e quanto costa l&#8217;organizzazione dell&#8217;evento?&#8221; Vi do anche dei dati: 3.455.562\u20ac. Ed altri chiederanno &#8220;e di questa cifra, quanto paga la citt\u00e0?&#8221; Probabilmente molto meno di quanto pensi\u2026 La magior parte viene pagata dalla <a href=\"https:\/\/fundaciontrinidadalfonso.org\">Fondazione Trinidad Alfonso<\/a>, che si incarica del 50%, seguita dalle iscrizioni con poco pi\u00f9 del 25% e sponsor con quasi il 20%. Alla fine, il Comune di Valencia \u00e8 l&#8217;ultimo a una grande distanza poich\u00e9 sostiene il 3,54% del costo totale. In questi costi entrano le infrastrutture, il noleggio degli spazi, l\u00b4acquisto dei trofei, l\u00b4approvvigionamento, la pubblicit\u00e0, ecc. E qual \u00e8 la conclusione di questi dati? Per ogni euro speso per l&#8217;organizzazione della maratona, sono stati generati 4,8\u20ac di profitto nell&#8217;economia di Valencia.<\/p>\n<p style=\"text-align: justify;\">In sintesi, penso che non ci siano dubbi sul fatto che la Maratona di Valencia sia positiva e benvenuta, speriamo che continui a ripetersi durante molte edizioni e che le cifre addiritura migliorino se \u00e8 possibile. Ma ovviamente la maratona non \u00e8 solo un vantaggio economico, ma \u00e8 anche una pubblicit\u00e0 molto positiva per la citt\u00e0 perch\u00e8 Valencia \u00e8 sempre pi\u00f9 sinonimo di cultura sportiva, cultura dello sforzo e vita sana. Quindi non esitare, se corri maratone e non sei mai stato a Valencia, iscriviti alla Maratona di quest&#8217;anno. Non sarebbe stranno battere qui il tuo record!! Ci vediamo a Valencia l\u00b41 dicembre 2019.<\/p>\n","protected":false},"excerpt":{"rendered":"<p>Fino ad ora, se si pensava a Valencia, si pensava al sole, al mare, alla buona gastronomia. Oggi Valencia \u00e8 anche sport, Valencia \u00e8 jogging. [&hellip;]<\/p>\n","protected":false},"author":1,"featured_media":2501,"comment_status":"open","ping_status":"open","sticky":false,"template":"","format":"standard","meta":{"footnotes":""},"categories":[164],"tags":[177,178,176,175,160,161],"class_list":["post-2556","post","type-post","status-publish","format-standard","has-post-thumbnail","hentry","category-eventi-a-valencia","tag-citta-delle-arte-e-delle-scienze","tag-jardines-de-turia","tag-maratona-2019","tag-maratona-valencia","tag-running-valencia","tag-valencia-ciudad-del-running"],"yoast_head":"<!-- This site is optimized with the Yoast SEO plugin v27.5 - https:\/\/yoast.com\/product\/yoast-seo-wordpress\/ -->\n<title>MARATONA DI VALENCIA | Gu\u00eda tur\u00edstica de Valencia<\/title>\n<meta name=\"robots\" content=\"index, follow, max-snippet:-1, max-image-preview:large, max-video-preview:-1\" \/>\n<link rel=\"canonical\" href=\"https:\/\/www.visita-valencia.com\/maratona-di-valencia\" \/>\n<meta property=\"og:locale\" content=\"it_IT\" \/>\n<meta property=\"og:type\" content=\"article\" \/>\n<meta property=\"og:title\" content=\"MARATONA DI VALENCIA | Gu\u00eda tur\u00edstica de Valencia\" \/>\n<meta property=\"og:description\" content=\"Fino ad ora, se si pensava a Valencia, si pensava al sole, al mare, alla buona gastronomia. Oggi Valencia \u00e8 anche sport, Valencia \u00e8 jogging. [&hellip;]\" \/>\n<meta property=\"og:url\" content=\"https:\/\/www.visita-valencia.com\/maratona-di-valencia\" \/>\n<meta property=\"og:site_name\" content=\"Gu\u00eda tur\u00edstica de Valencia\" \/>\n<meta property=\"article:published_time\" content=\"2019-02-08T12:41:41+00:00\" \/>\n<meta property=\"article:modified_time\" content=\"2019-02-08T15:40:09+00:00\" \/>\n<meta property=\"og:image\" content=\"https:\/\/www.visita-valencia.com\/wp-content\/uploads\/2018\/09\/Maraton.jpg\" \/>\n\t<meta property=\"og:image:width\" content=\"697\" \/>\n\t<meta property=\"og:image:height\" content=\"393\" \/>\n\t<meta property=\"og:image:type\" content=\"image\/jpeg\" \/>\n<meta name=\"author\" content=\"Visita\" \/>\n<meta name=\"twitter:card\" content=\"summary_large_image\" \/>\n<meta name=\"twitter:label1\" content=\"Scritto da\" \/>\n\t<meta name=\"twitter:data1\" content=\"Visita\" \/>\n\t<meta name=\"twitter:label2\" content=\"Tempo di lettura stimato\" \/>\n\t<meta name=\"twitter:data2\" content=\"4 minuti\" \/>\n<script type=\"application\/ld+json\" class=\"yoast-schema-graph\">{\"@context\":\"https:\\\/\\\/schema.org\",\"@graph\":[{\"@type\":\"Article\",\"@id\":\"https:\\\/\\\/www.visita-valencia.com\\\/maratona-di-valencia#article\",\"isPartOf\":{\"@id\":\"https:\\\/\\\/www.visita-valencia.com\\\/maratona-di-valencia\"},\"author\":{\"name\":\"Visita\",\"@id\":\"https:\\\/\\\/www.visita-valencia.com\\\/#\\\/schema\\\/person\\\/499cd30a7351987307d19dafcc9c6871\"},\"headline\":\"MARATONA DI VALENCIA\",\"datePublished\":\"2019-02-08T12:41:41+00:00\",\"dateModified\":\"2019-02-08T15:40:09+00:00\",\"mainEntityOfPage\":{\"@id\":\"https:\\\/\\\/www.visita-valencia.com\\\/maratona-di-valencia\"},\"wordCount\":867,\"commentCount\":1,\"publisher\":{\"@id\":\"https:\\\/\\\/www.visita-valencia.com\\\/#organization\"},\"image\":{\"@id\":\"https:\\\/\\\/www.visita-valencia.com\\\/maratona-di-valencia#primaryimage\"},\"thumbnailUrl\":\"https:\\\/\\\/www.visita-valencia.com\\\/wp-content\\\/uploads\\\/2018\\\/09\\\/Maraton.jpg\",\"keywords\":[\"citt\u00e0 delle arte e delle scienze\",\"jardines de turia\",\"maratona 2019\",\"maratona valencia\",\"running valencia\",\"valencia ciudad del running\"],\"articleSection\":[\"Eventi a Valencia\"],\"inLanguage\":\"it-IT\",\"potentialAction\":[{\"@type\":\"CommentAction\",\"name\":\"Comment\",\"target\":[\"https:\\\/\\\/www.visita-valencia.com\\\/maratona-di-valencia#respond\"]}]},{\"@type\":\"WebPage\",\"@id\":\"https:\\\/\\\/www.visita-valencia.com\\\/maratona-di-valencia\",\"url\":\"https:\\\/\\\/www.visita-valencia.com\\\/maratona-di-valencia\",\"name\":\"MARATONA DI VALENCIA | Gu\u00eda tur\u00edstica de Valencia\",\"isPartOf\":{\"@id\":\"https:\\\/\\\/www.visita-valencia.com\\\/#website\"},\"primaryImageOfPage\":{\"@id\":\"https:\\\/\\\/www.visita-valencia.com\\\/maratona-di-valencia#primaryimage\"},\"image\":{\"@id\":\"https:\\\/\\\/www.visita-valencia.com\\\/maratona-di-valencia#primaryimage\"},\"thumbnailUrl\":\"https:\\\/\\\/www.visita-valencia.com\\\/wp-content\\\/uploads\\\/2018\\\/09\\\/Maraton.jpg\",\"datePublished\":\"2019-02-08T12:41:41+00:00\",\"dateModified\":\"2019-02-08T15:40:09+00:00\",\"breadcrumb\":{\"@id\":\"https:\\\/\\\/www.visita-valencia.com\\\/maratona-di-valencia#breadcrumb\"},\"inLanguage\":\"it-IT\",\"potentialAction\":[{\"@type\":\"ReadAction\",\"target\":[\"https:\\\/\\\/www.visita-valencia.com\\\/maratona-di-valencia\"]}]},{\"@type\":\"ImageObject\",\"inLanguage\":\"it-IT\",\"@id\":\"https:\\\/\\\/www.visita-valencia.com\\\/maratona-di-valencia#primaryimage\",\"url\":\"https:\\\/\\\/www.visita-valencia.com\\\/wp-content\\\/uploads\\\/2018\\\/09\\\/Maraton.jpg\",\"contentUrl\":\"https:\\\/\\\/www.visita-valencia.com\\\/wp-content\\\/uploads\\\/2018\\\/09\\\/Maraton.jpg\",\"width\":\"697\",\"height\":\"393\",\"caption\":\"running valencia\"},{\"@type\":\"BreadcrumbList\",\"@id\":\"https:\\\/\\\/www.visita-valencia.com\\\/maratona-di-valencia#breadcrumb\",\"itemListElement\":[{\"@type\":\"ListItem\",\"position\":1,\"name\":\"Portada\",\"item\":\"https:\\\/\\\/www.visita-valencia.com\\\/it\"},{\"@type\":\"ListItem\",\"position\":2,\"name\":\"MARATONA DI VALENCIA\"}]},{\"@type\":\"WebSite\",\"@id\":\"https:\\\/\\\/www.visita-valencia.com\\\/#website\",\"url\":\"https:\\\/\\\/www.visita-valencia.com\\\/\",\"name\":\"Gu\u00eda tur\u00edstica de Valencia\",\"description\":\"Visitas guiadas en Valencia\",\"publisher\":{\"@id\":\"https:\\\/\\\/www.visita-valencia.com\\\/#organization\"},\"potentialAction\":[{\"@type\":\"SearchAction\",\"target\":{\"@type\":\"EntryPoint\",\"urlTemplate\":\"https:\\\/\\\/www.visita-valencia.com\\\/?s={search_term_string}\"},\"query-input\":{\"@type\":\"PropertyValueSpecification\",\"valueRequired\":true,\"valueName\":\"search_term_string\"}}],\"inLanguage\":\"it-IT\"},{\"@type\":\"Organization\",\"@id\":\"https:\\\/\\\/www.visita-valencia.com\\\/#organization\",\"name\":\"Visita-Valencia\",\"url\":\"https:\\\/\\\/www.visita-valencia.com\\\/\",\"logo\":{\"@type\":\"ImageObject\",\"inLanguage\":\"it-IT\",\"@id\":\"https:\\\/\\\/www.visita-valencia.com\\\/#\\\/schema\\\/logo\\\/image\\\/\",\"url\":\"http:\\\/\\\/www.visita-valencia.com\\\/wp-content\\\/uploads\\\/2018\\\/01\\\/logo-VV-blanco-web.png\",\"contentUrl\":\"http:\\\/\\\/www.visita-valencia.com\\\/wp-content\\\/uploads\\\/2018\\\/01\\\/logo-VV-blanco-web.png\",\"width\":241,\"height\":84,\"caption\":\"Visita-Valencia\"},\"image\":{\"@id\":\"https:\\\/\\\/www.visita-valencia.com\\\/#\\\/schema\\\/logo\\\/image\\\/\"}},{\"@type\":\"Person\",\"@id\":\"https:\\\/\\\/www.visita-valencia.com\\\/#\\\/schema\\\/person\\\/499cd30a7351987307d19dafcc9c6871\",\"name\":\"Visita\",\"image\":{\"@type\":\"ImageObject\",\"inLanguage\":\"it-IT\",\"@id\":\"https:\\\/\\\/secure.gravatar.com\\\/avatar\\\/d1aedb2e4a71b868a620916cae82d968254291ed5fcb78d088031183d61de1fd?s=96&d=mm&r=g\",\"url\":\"https:\\\/\\\/secure.gravatar.com\\\/avatar\\\/d1aedb2e4a71b868a620916cae82d968254291ed5fcb78d088031183d61de1fd?s=96&d=mm&r=g\",\"contentUrl\":\"https:\\\/\\\/secure.gravatar.com\\\/avatar\\\/d1aedb2e4a71b868a620916cae82d968254291ed5fcb78d088031183d61de1fd?s=96&d=mm&r=g\",\"caption\":\"Visita\"},\"url\":\"https:\\\/\\\/www.visita-valencia.com\\\/it\\\/author\\\/visita\"}]}<\/script>\n<!-- \/ Yoast SEO plugin. -->","yoast_head_json":{"title":"MARATONA DI VALENCIA | Gu\u00eda tur\u00edstica de Valencia","robots":{"index":"index","follow":"follow","max-snippet":"max-snippet:-1","max-image-preview":"max-image-preview:large","max-video-preview":"max-video-preview:-1"},"canonical":"https:\/\/www.visita-valencia.com\/maratona-di-valencia","og_locale":"it_IT","og_type":"article","og_title":"MARATONA DI VALENCIA | Gu\u00eda tur\u00edstica de Valencia","og_description":"Fino ad ora, se si pensava a Valencia, si pensava al sole, al mare, alla buona gastronomia. Oggi Valencia \u00e8 anche sport, Valencia \u00e8 jogging. [&hellip;]","og_url":"https:\/\/www.visita-valencia.com\/maratona-di-valencia","og_site_name":"Gu\u00eda tur\u00edstica de Valencia","article_published_time":"2019-02-08T12:41:41+00:00","article_modified_time":"2019-02-08T15:40:09+00:00","og_image":[{"width":697,"height":393,"url":"https:\/\/www.visita-valencia.com\/wp-content\/uploads\/2018\/09\/Maraton.jpg","type":"image\/jpeg"}],"author":"Visita","twitter_card":"summary_large_image","twitter_misc":{"Scritto da":"Visita","Tempo di lettura stimato":"4 minuti"},"schema":{"@context":"https:\/\/schema.org","@graph":[{"@type":"Article","@id":"https:\/\/www.visita-valencia.com\/maratona-di-valencia#article","isPartOf":{"@id":"https:\/\/www.visita-valencia.com\/maratona-di-valencia"},"author":{"name":"Visita","@id":"https:\/\/www.visita-valencia.com\/#\/schema\/person\/499cd30a7351987307d19dafcc9c6871"},"headline":"MARATONA DI VALENCIA","datePublished":"2019-02-08T12:41:41+00:00","dateModified":"2019-02-08T15:40:09+00:00","mainEntityOfPage":{"@id":"https:\/\/www.visita-valencia.com\/maratona-di-valencia"},"wordCount":867,"commentCount":1,"publisher":{"@id":"https:\/\/www.visita-valencia.com\/#organization"},"image":{"@id":"https:\/\/www.visita-valencia.com\/maratona-di-valencia#primaryimage"},"thumbnailUrl":"https:\/\/www.visita-valencia.com\/wp-content\/uploads\/2018\/09\/Maraton.jpg","keywords":["citt\u00e0 delle arte e delle scienze","jardines de turia","maratona 2019","maratona valencia","running valencia","valencia ciudad del running"],"articleSection":["Eventi a Valencia"],"inLanguage":"it-IT","potentialAction":[{"@type":"CommentAction","name":"Comment","target":["https:\/\/www.visita-valencia.com\/maratona-di-valencia#respond"]}]},{"@type":"WebPage","@id":"https:\/\/www.visita-valencia.com\/maratona-di-valencia","url":"https:\/\/www.visita-valencia.com\/maratona-di-valencia","name":"MARATONA DI VALENCIA | Gu\u00eda tur\u00edstica de Valencia","isPartOf":{"@id":"https:\/\/www.visita-valencia.com\/#website"},"primaryImageOfPage":{"@id":"https:\/\/www.visita-valencia.com\/maratona-di-valencia#primaryimage"},"image":{"@id":"https:\/\/www.visita-valencia.com\/maratona-di-valencia#primaryimage"},"thumbnailUrl":"https:\/\/www.visita-valencia.com\/wp-content\/uploads\/2018\/09\/Maraton.jpg","datePublished":"2019-02-08T12:41:41+00:00","dateModified":"2019-02-08T15:40:09+00:00","breadcrumb":{"@id":"https:\/\/www.visita-valencia.com\/maratona-di-valencia#breadcrumb"},"inLanguage":"it-IT","potentialAction":[{"@type":"ReadAction","target":["https:\/\/www.visita-valencia.com\/maratona-di-valencia"]}]},{"@type":"ImageObject","inLanguage":"it-IT","@id":"https:\/\/www.visita-valencia.com\/maratona-di-valencia#primaryimage","url":"https:\/\/www.visita-valencia.com\/wp-content\/uploads\/2018\/09\/Maraton.jpg","contentUrl":"https:\/\/www.visita-valencia.com\/wp-content\/uploads\/2018\/09\/Maraton.jpg","width":"697","height":"393","caption":"running valencia"},{"@type":"BreadcrumbList","@id":"https:\/\/www.visita-valencia.com\/maratona-di-valencia#breadcrumb","itemListElement":[{"@type":"ListItem","position":1,"name":"Portada","item":"https:\/\/www.visita-valencia.com\/it"},{"@type":"ListItem","position":2,"name":"MARATONA DI VALENCIA"}]},{"@type":"WebSite","@id":"https:\/\/www.visita-valencia.com\/#website","url":"https:\/\/www.visita-valencia.com\/","name":"Gu\u00eda tur\u00edstica de Valencia","description":"Visitas guiadas en Valencia","publisher":{"@id":"https:\/\/www.visita-valencia.com\/#organization"},"potentialAction":[{"@type":"SearchAction","target":{"@type":"EntryPoint","urlTemplate":"https:\/\/www.visita-valencia.com\/?s={search_term_string}"},"query-input":{"@type":"PropertyValueSpecification","valueRequired":true,"valueName":"search_term_string"}}],"inLanguage":"it-IT"},{"@type":"Organization","@id":"https:\/\/www.visita-valencia.com\/#organization","name":"Visita-Valencia","url":"https:\/\/www.visita-valencia.com\/","logo":{"@type":"ImageObject","inLanguage":"it-IT","@id":"https:\/\/www.visita-valencia.com\/#\/schema\/logo\/image\/","url":"http:\/\/www.visita-valencia.com\/wp-content\/uploads\/2018\/01\/logo-VV-blanco-web.png","contentUrl":"http:\/\/www.visita-valencia.com\/wp-content\/uploads\/2018\/01\/logo-VV-blanco-web.png","width":241,"height":84,"caption":"Visita-Valencia"},"image":{"@id":"https:\/\/www.visita-valencia.com\/#\/schema\/logo\/image\/"}},{"@type":"Person","@id":"https:\/\/www.visita-valencia.com\/#\/schema\/person\/499cd30a7351987307d19dafcc9c6871","name":"Visita","image":{"@type":"ImageObject","inLanguage":"it-IT","@id":"https:\/\/secure.gravatar.com\/avatar\/d1aedb2e4a71b868a620916cae82d968254291ed5fcb78d088031183d61de1fd?s=96&d=mm&r=g","url":"https:\/\/secure.gravatar.com\/avatar\/d1aedb2e4a71b868a620916cae82d968254291ed5fcb78d088031183d61de1fd?s=96&d=mm&r=g","contentUrl":"https:\/\/secure.gravatar.com\/avatar\/d1aedb2e4a71b868a620916cae82d968254291ed5fcb78d088031183d61de1fd?s=96&d=mm&r=g","caption":"Visita"},"url":"https:\/\/www.visita-valencia.com\/it\/author\/visita"}]}},"_links":{"self":[{"href":"https:\/\/www.visita-valencia.com\/it\/wp-json\/wp\/v2\/posts\/2556","targetHints":{"allow":["GET"]}}],"collection":[{"href":"https:\/\/www.visita-valencia.com\/it\/wp-json\/wp\/v2\/posts"}],"about":[{"href":"https:\/\/www.visita-valencia.com\/it\/wp-json\/wp\/v2\/types\/post"}],"author":[{"embeddable":true,"href":"https:\/\/www.visita-valencia.com\/it\/wp-json\/wp\/v2\/users\/1"}],"replies":[{"embeddable":true,"href":"https:\/\/www.visita-valencia.com\/it\/wp-json\/wp\/v2\/comments?post=2556"}],"version-history":[{"count":5,"href":"https:\/\/www.visita-valencia.com\/it\/wp-json\/wp\/v2\/posts\/2556\/revisions"}],"predecessor-version":[{"id":2561,"href":"https:\/\/www.visita-valencia.com\/it\/wp-json\/wp\/v2\/posts\/2556\/revisions\/2561"}],"wp:featuredmedia":[{"embeddable":true,"href":"https:\/\/www.visita-valencia.com\/it\/wp-json\/wp\/v2\/media\/2501"}],"wp:attachment":[{"href":"https:\/\/www.visita-valencia.com\/it\/wp-json\/wp\/v2\/media?parent=2556"}],"wp:term":[{"taxonomy":"category","embeddable":true,"href":"https:\/\/www.visita-valencia.com\/it\/wp-json\/wp\/v2\/categories?post=2556"},{"taxonomy":"post_tag","embeddable":true,"href":"https:\/\/www.visita-valencia.com\/it\/wp-json\/wp\/v2\/tags?post=2556"}],"curies":[{"name":"wp","href":"https:\/\/api.w.org\/{rel}","templated":true}]}}