{"id":2566,"date":"2019-02-08T14:52:51","date_gmt":"2019-02-08T14:52:51","guid":{"rendered":"http:\/\/www.visita-valencia.com?p=2566"},"modified":"2019-02-08T15:43:25","modified_gmt":"2019-02-08T15:43:25","slug":"mercato-san-valero","status":"publish","type":"post","link":"https:\/\/www.visita-valencia.com\/it\/mercato-san-valero","title":{"rendered":"MERCATO SAN VALERO"},"content":{"rendered":"<p style=\"text-align: justify;\">Il passato ottobre \u00e8 stato aperto a Valencia il <a href=\"https:\/\/mercadosanvalero.com\">Mercato di San Valero<\/a>, il primo Street Food Market della citt\u00e0. Un nuovo progetto ispirato ai mercati di New York, Londra, Amsterdam o Berlino.<\/p>\n<p style=\"text-align: justify;\">E perch\u00e9 devi conoscere il mercato di San Valero? Ti do diverse ragioni e poi decidi se ne hai voglia o no\u2026<\/p>\n<ol style=\"text-align: justify;\">\n<li>Perch\u00e9 si trova a Ruzafa, il quartiere di moda per valenciani e visitatori. Il Mercato di San Valero \u00e8 progettato per i residenti di Ruzafa ma anche per valenciani assidui a Ruzafa e, naturalmente, per tutti i visitatori della citt\u00e0.<\/li>\n<li>Perch\u00e9 il suo ampio orario ti offre la possibilit\u00e0 di andare in qualsiasi momento. Pu\u00f2 essere una sosta durante una mattinata di shopping, un punto d&#8217;incontro per l&#8217;aperitivo con gli amici o un luogo dove iniziare la serata.<\/li>\n<li>Perch\u00e9 qui c&#8217;\u00e8 cibo per tutti i gusti: per i pi\u00f9 carnivori, per i pi\u00f9 classici, per i pi\u00f9 sani, i pi\u00f9 dolci o gli amanti del buon vino. Nel mercato di San Valero c&#8217;\u00e8 posto per tutti.<\/li>\n<li>Perch\u00e9 nel Mercato di San Valero, la cosa pi\u00f9 bella \u00e8 condividere. Devi condividere il tavolo, gli spazi, gli angoli. Non \u00e8 un ristorante tradizionale in cui ognuno ha il suo spazio &#8220;chiuso&#8221;, ma \u00e8 proprio il contrario. Qui l&#8217;obiettivo \u00e8 godersi il contatto delle persone, una conversazione&#8230; Sono cose che ci piacciono ma ogni volta sono sempre pi\u00f9 dimenticate.<\/li>\n<li>Perch\u00e9 \u00e8 un mercato vivace, uno spazio vivace con un ampio programma pensato per tutti i pubblici: degustazioni, eventi musicali e culturali.<\/li>\n<\/ol>\n<p style=\"text-align: justify;\">Se dopo questi cinque motivi hai gi\u00e0 voglia di andare, continua a leggere&#8230; Ti spiego un po\u00b4 di pi\u00f9 su ogniuno.<\/p>\n<p style=\"text-align: justify;\"><b>AGUACATER\u00cdA CLUB<\/b><\/p>\n<p style=\"text-align: justify;\">\u00c8 il regno dell&#8217;avocado, cucinato e presentato in mille modi: fettine di avocado e gamberi, patate al forno con pur\u00e8 di avocado, pomodori secchi e formaggio affumicato o quinoa con lenticchie stufate, zucca e avocado, ricoperte di uovo in camicia e arancia.<\/p>\n<p style=\"text-align: justify;\"><b>BIENDETAPAS<\/b><\/p>\n<p style=\"text-align: justify;\">\u00c8 un posto di tapas e riso. Vi consiglio di assaggiare le loro crocchette fatte in casa o la torta di mais. Se sei un amante del riso, prova il riso al forno con zucca, una ricetta tipica del quartiere del Caba\u00f1al di Valencia.<\/p>\n<p style=\"text-align: justify;\"><b>VACA<\/b><\/p>\n<p style=\"text-align: justify;\">Offre la migliore selezione di carne rossa dei prati\/pascoli di Leon (Spagna). Dovete provare il panino di <i>steak tartar<\/i> o il panino carne stufata. Puoi anche comprare carne al peso per mangiarla l\u00ec o portarla a casa.<\/p>\n<p style=\"text-align: justify;\"><b>IAOU<\/b><\/p>\n<p style=\"text-align: justify;\">Posto dedicato alle uova in tante versioni. Troverai uova biologiche, uova d&#8217;oca, uova d&#8217;anatra, uova blu della Guinea&#8230; Ci sono frittate che non avrai mai visto prima: la famosa frittata spagnola, la asiatica, frittata di farina di soia o di farina di ceci.<\/p>\n<p style=\"text-align: justify;\"><b>TARO<\/b><\/p>\n<p style=\"text-align: justify;\">Offre le migliori ricette della cucina di strada del Messico e dell\u00b4Asia. Alcuni esempi sono il pane Bao con coda di toro, il ceviche di gamberetti o l&#8217;aguachile di branzino con mango e zenzero.<\/p>\n<p style=\"text-align: justify;\"><b>MANGIAMO<\/b><\/p>\n<p style=\"text-align: justify;\">Luogo per provare l\u00b4autentica pizza italiana con il bordo sottile, croccante, realizzata con una fermentazione naturale di 24 ore e arricchita con cinque cereali. Inoltre, offre un\u00b4enorme selezione di pasta, lasagne e dessert squisiti. Vi consiglio la lasagna alla zucca o la torta Amaretti.<\/p>\n<p style=\"text-align: justify;\"><b>OSTRARIUM BAR<\/b><\/p>\n<p style=\"text-align: justify;\">Ha un ampio men\u00f9 di ostriche, caviale, conserve di mare e molto altro. Ostriche provenienti dalla Francia, Spagna, Irlanda e Portogallo. Anche salmone dalla Scozia, caviale russo, americano o dell&#8217;Alaska, acciughe del Cantabrico o mosciame di Cadice.<\/p>\n<p style=\"text-align: justify;\"><b>POKE BROS<\/b><\/p>\n<p style=\"text-align: justify;\">Viaggiamo alle Hawaii da dove arriva il Poke Bowl, una ciotola di pesce crudo marinato, su una base di riso o di quinoa, accompagnata da ingredienti freschi come alghe o cetriolo. Nel Mercato di San Valero puoi personalizzarlo con pollo, tonno, salmone e anche con tofu, la versione vegetariana. Inoltre, portano dal Brasile il famoso acai, un frutto eccezionale per le sue propriet\u00e0 antiossidanti, proteine, vitamine e minerali.<\/p>\n<p style=\"text-align: justify;\"><b>SOLO DEL MAR<\/b><\/p>\n<p style=\"text-align: justify;\">Pescheria con pesce e crostacei di alta qualit\u00e0 ad un prezzo accessibile. Tra le sue proposte rileviamo il polpo grigliato, gli scampi soffritti o lo spiedino di tonno.<\/p>\n<p style=\"text-align: justify;\"><b>LA GUINDA<\/b><\/p>\n<p style=\"text-align: justify;\">Questo \u00e8 il sogno dei pi\u00f9 golosi. La sua variet\u00e0 di dolci include la torta di carote, la torta di mandorle e arancia o i bicchierini di cioccolato, limone e meringa o mela caramellata.<\/p>\n<p style=\"text-align: justify;\">ORARIO<\/p>\n<ul>\n<li style=\"list-style-type: none;\">\n<ul>\n<li style=\"text-align: justify;\">Da luned\u00ec a gioved\u00ec dalle ore 12:00 alle ore 00:00.<\/li>\n<li style=\"text-align: justify;\">Venerd\u00ec dalle ore 12:00 alle ore 01:00.<\/li>\n<li style=\"text-align: justify;\">Sabato dalle ore 11:00 alle ore 01:00.<\/li>\n<li style=\"text-align: justify;\">Domenica dalle ore 11 alle ore 00:00.<\/li>\n<\/ul>\n<\/li>\n<\/ul>\n","protected":false},"excerpt":{"rendered":"<p>Il passato ottobre \u00e8 stato aperto a Valencia il Mercato di San Valero, il primo Street Food Market della citt\u00e0. Un nuovo progetto ispirato ai [&hellip;]<\/p>\n","protected":false},"author":1,"featured_media":2542,"comment_status":"open","ping_status":"open","sticky":false,"template":"","format":"standard","meta":{"footnotes":""},"categories":[107],"tags":[],"class_list":["post-2566","post","type-post","status-publish","format-standard","has-post-thumbnail","hentry","category-gastronomia-a-valencia-it"],"yoast_head":"<!-- This site is optimized with the Yoast SEO plugin v27.5 - https:\/\/yoast.com\/product\/yoast-seo-wordpress\/ -->\n<title>MERCATO SAN VALERO | Gu\u00eda tur\u00edstica de Valencia<\/title>\n<meta name=\"robots\" content=\"index, follow, max-snippet:-1, max-image-preview:large, max-video-preview:-1\" \/>\n<link rel=\"canonical\" href=\"https:\/\/www.visita-valencia.com\/mercato-san-valero\" \/>\n<meta property=\"og:locale\" content=\"it_IT\" \/>\n<meta property=\"og:type\" content=\"article\" \/>\n<meta property=\"og:title\" content=\"MERCATO SAN VALERO | Gu\u00eda tur\u00edstica de Valencia\" \/>\n<meta property=\"og:description\" content=\"Il passato ottobre \u00e8 stato aperto a Valencia il Mercato di San Valero, il primo Street Food Market della citt\u00e0. Un nuovo progetto ispirato ai [&hellip;]\" \/>\n<meta property=\"og:url\" content=\"https:\/\/www.visita-valencia.com\/mercato-san-valero\" \/>\n<meta property=\"og:site_name\" content=\"Gu\u00eda tur\u00edstica de Valencia\" \/>\n<meta property=\"article:published_time\" content=\"2019-02-08T14:52:51+00:00\" \/>\n<meta property=\"article:modified_time\" content=\"2019-02-08T15:43:25+00:00\" \/>\n<meta property=\"og:image\" content=\"https:\/\/www.visita-valencia.com\/wp-content\/uploads\/2018\/12\/ambiente-1024x683.jpg\" \/>\n\t<meta property=\"og:image:width\" content=\"1024\" \/>\n\t<meta property=\"og:image:height\" content=\"683\" \/>\n\t<meta property=\"og:image:type\" content=\"image\/jpeg\" \/>\n<meta name=\"author\" content=\"Visita\" \/>\n<meta name=\"twitter:card\" content=\"summary_large_image\" \/>\n<meta name=\"twitter:label1\" content=\"Scritto da\" \/>\n\t<meta name=\"twitter:data1\" content=\"Visita\" \/>\n\t<meta name=\"twitter:label2\" content=\"Tempo di lettura stimato\" \/>\n\t<meta name=\"twitter:data2\" content=\"4 minuti\" \/>\n<script type=\"application\/ld+json\" class=\"yoast-schema-graph\">{\"@context\":\"https:\\\/\\\/schema.org\",\"@graph\":[{\"@type\":\"Article\",\"@id\":\"https:\\\/\\\/www.visita-valencia.com\\\/mercato-san-valero#article\",\"isPartOf\":{\"@id\":\"https:\\\/\\\/www.visita-valencia.com\\\/mercato-san-valero\"},\"author\":{\"name\":\"Visita\",\"@id\":\"https:\\\/\\\/www.visita-valencia.com\\\/#\\\/schema\\\/person\\\/499cd30a7351987307d19dafcc9c6871\"},\"headline\":\"MERCATO SAN VALERO\",\"datePublished\":\"2019-02-08T14:52:51+00:00\",\"dateModified\":\"2019-02-08T15:43:25+00:00\",\"mainEntityOfPage\":{\"@id\":\"https:\\\/\\\/www.visita-valencia.com\\\/mercato-san-valero\"},\"wordCount\":731,\"commentCount\":9,\"publisher\":{\"@id\":\"https:\\\/\\\/www.visita-valencia.com\\\/#organization\"},\"image\":{\"@id\":\"https:\\\/\\\/www.visita-valencia.com\\\/mercato-san-valero#primaryimage\"},\"thumbnailUrl\":\"https:\\\/\\\/www.visita-valencia.com\\\/wp-content\\\/uploads\\\/2018\\\/12\\\/ambiente.jpg\",\"articleSection\":[\"Gastronomia a Valencia\"],\"inLanguage\":\"it-IT\",\"potentialAction\":[{\"@type\":\"CommentAction\",\"name\":\"Comment\",\"target\":[\"https:\\\/\\\/www.visita-valencia.com\\\/mercato-san-valero#respond\"]}]},{\"@type\":\"WebPage\",\"@id\":\"https:\\\/\\\/www.visita-valencia.com\\\/mercato-san-valero\",\"url\":\"https:\\\/\\\/www.visita-valencia.com\\\/mercato-san-valero\",\"name\":\"MERCATO SAN VALERO | Gu\u00eda tur\u00edstica de Valencia\",\"isPartOf\":{\"@id\":\"https:\\\/\\\/www.visita-valencia.com\\\/#website\"},\"primaryImageOfPage\":{\"@id\":\"https:\\\/\\\/www.visita-valencia.com\\\/mercato-san-valero#primaryimage\"},\"image\":{\"@id\":\"https:\\\/\\\/www.visita-valencia.com\\\/mercato-san-valero#primaryimage\"},\"thumbnailUrl\":\"https:\\\/\\\/www.visita-valencia.com\\\/wp-content\\\/uploads\\\/2018\\\/12\\\/ambiente.jpg\",\"datePublished\":\"2019-02-08T14:52:51+00:00\",\"dateModified\":\"2019-02-08T15:43:25+00:00\",\"breadcrumb\":{\"@id\":\"https:\\\/\\\/www.visita-valencia.com\\\/mercato-san-valero#breadcrumb\"},\"inLanguage\":\"it-IT\",\"potentialAction\":[{\"@type\":\"ReadAction\",\"target\":[\"https:\\\/\\\/www.visita-valencia.com\\\/mercato-san-valero\"]}]},{\"@type\":\"ImageObject\",\"inLanguage\":\"it-IT\",\"@id\":\"https:\\\/\\\/www.visita-valencia.com\\\/mercato-san-valero#primaryimage\",\"url\":\"https:\\\/\\\/www.visita-valencia.com\\\/wp-content\\\/uploads\\\/2018\\\/12\\\/ambiente.jpg\",\"contentUrl\":\"https:\\\/\\\/www.visita-valencia.com\\\/wp-content\\\/uploads\\\/2018\\\/12\\\/ambiente.jpg\",\"width\":\"3543\",\"height\":\"2362\",\"caption\":\"Mercato San Valero Valencia\"},{\"@type\":\"BreadcrumbList\",\"@id\":\"https:\\\/\\\/www.visita-valencia.com\\\/mercato-san-valero#breadcrumb\",\"itemListElement\":[{\"@type\":\"ListItem\",\"position\":1,\"name\":\"Portada\",\"item\":\"https:\\\/\\\/www.visita-valencia.com\\\/it\"},{\"@type\":\"ListItem\",\"position\":2,\"name\":\"MERCATO SAN VALERO\"}]},{\"@type\":\"WebSite\",\"@id\":\"https:\\\/\\\/www.visita-valencia.com\\\/#website\",\"url\":\"https:\\\/\\\/www.visita-valencia.com\\\/\",\"name\":\"Gu\u00eda tur\u00edstica de Valencia\",\"description\":\"Visitas guiadas en Valencia\",\"publisher\":{\"@id\":\"https:\\\/\\\/www.visita-valencia.com\\\/#organization\"},\"potentialAction\":[{\"@type\":\"SearchAction\",\"target\":{\"@type\":\"EntryPoint\",\"urlTemplate\":\"https:\\\/\\\/www.visita-valencia.com\\\/?s={search_term_string}\"},\"query-input\":{\"@type\":\"PropertyValueSpecification\",\"valueRequired\":true,\"valueName\":\"search_term_string\"}}],\"inLanguage\":\"it-IT\"},{\"@type\":\"Organization\",\"@id\":\"https:\\\/\\\/www.visita-valencia.com\\\/#organization\",\"name\":\"Visita-Valencia\",\"url\":\"https:\\\/\\\/www.visita-valencia.com\\\/\",\"logo\":{\"@type\":\"ImageObject\",\"inLanguage\":\"it-IT\",\"@id\":\"https:\\\/\\\/www.visita-valencia.com\\\/#\\\/schema\\\/logo\\\/image\\\/\",\"url\":\"http:\\\/\\\/www.visita-valencia.com\\\/wp-content\\\/uploads\\\/2018\\\/01\\\/logo-VV-blanco-web.png\",\"contentUrl\":\"http:\\\/\\\/www.visita-valencia.com\\\/wp-content\\\/uploads\\\/2018\\\/01\\\/logo-VV-blanco-web.png\",\"width\":241,\"height\":84,\"caption\":\"Visita-Valencia\"},\"image\":{\"@id\":\"https:\\\/\\\/www.visita-valencia.com\\\/#\\\/schema\\\/logo\\\/image\\\/\"}},{\"@type\":\"Person\",\"@id\":\"https:\\\/\\\/www.visita-valencia.com\\\/#\\\/schema\\\/person\\\/499cd30a7351987307d19dafcc9c6871\",\"name\":\"Visita\",\"image\":{\"@type\":\"ImageObject\",\"inLanguage\":\"it-IT\",\"@id\":\"https:\\\/\\\/secure.gravatar.com\\\/avatar\\\/d1aedb2e4a71b868a620916cae82d968254291ed5fcb78d088031183d61de1fd?s=96&d=mm&r=g\",\"url\":\"https:\\\/\\\/secure.gravatar.com\\\/avatar\\\/d1aedb2e4a71b868a620916cae82d968254291ed5fcb78d088031183d61de1fd?s=96&d=mm&r=g\",\"contentUrl\":\"https:\\\/\\\/secure.gravatar.com\\\/avatar\\\/d1aedb2e4a71b868a620916cae82d968254291ed5fcb78d088031183d61de1fd?s=96&d=mm&r=g\",\"caption\":\"Visita\"},\"url\":\"https:\\\/\\\/www.visita-valencia.com\\\/it\\\/author\\\/visita\"}]}<\/script>\n<!-- \/ Yoast SEO plugin. -->","yoast_head_json":{"title":"MERCATO SAN VALERO | Gu\u00eda tur\u00edstica de Valencia","robots":{"index":"index","follow":"follow","max-snippet":"max-snippet:-1","max-image-preview":"max-image-preview:large","max-video-preview":"max-video-preview:-1"},"canonical":"https:\/\/www.visita-valencia.com\/mercato-san-valero","og_locale":"it_IT","og_type":"article","og_title":"MERCATO SAN VALERO | Gu\u00eda tur\u00edstica de Valencia","og_description":"Il passato ottobre \u00e8 stato aperto a Valencia il Mercato di San Valero, il primo Street Food Market della citt\u00e0. Un nuovo progetto ispirato ai [&hellip;]","og_url":"https:\/\/www.visita-valencia.com\/mercato-san-valero","og_site_name":"Gu\u00eda tur\u00edstica de Valencia","article_published_time":"2019-02-08T14:52:51+00:00","article_modified_time":"2019-02-08T15:43:25+00:00","og_image":[{"width":1024,"height":683,"url":"https:\/\/www.visita-valencia.com\/wp-content\/uploads\/2018\/12\/ambiente-1024x683.jpg","type":"image\/jpeg"}],"author":"Visita","twitter_card":"summary_large_image","twitter_misc":{"Scritto da":"Visita","Tempo di lettura stimato":"4 minuti"},"schema":{"@context":"https:\/\/schema.org","@graph":[{"@type":"Article","@id":"https:\/\/www.visita-valencia.com\/mercato-san-valero#article","isPartOf":{"@id":"https:\/\/www.visita-valencia.com\/mercato-san-valero"},"author":{"name":"Visita","@id":"https:\/\/www.visita-valencia.com\/#\/schema\/person\/499cd30a7351987307d19dafcc9c6871"},"headline":"MERCATO SAN VALERO","datePublished":"2019-02-08T14:52:51+00:00","dateModified":"2019-02-08T15:43:25+00:00","mainEntityOfPage":{"@id":"https:\/\/www.visita-valencia.com\/mercato-san-valero"},"wordCount":731,"commentCount":9,"publisher":{"@id":"https:\/\/www.visita-valencia.com\/#organization"},"image":{"@id":"https:\/\/www.visita-valencia.com\/mercato-san-valero#primaryimage"},"thumbnailUrl":"https:\/\/www.visita-valencia.com\/wp-content\/uploads\/2018\/12\/ambiente.jpg","articleSection":["Gastronomia a Valencia"],"inLanguage":"it-IT","potentialAction":[{"@type":"CommentAction","name":"Comment","target":["https:\/\/www.visita-valencia.com\/mercato-san-valero#respond"]}]},{"@type":"WebPage","@id":"https:\/\/www.visita-valencia.com\/mercato-san-valero","url":"https:\/\/www.visita-valencia.com\/mercato-san-valero","name":"MERCATO SAN VALERO | Gu\u00eda tur\u00edstica de Valencia","isPartOf":{"@id":"https:\/\/www.visita-valencia.com\/#website"},"primaryImageOfPage":{"@id":"https:\/\/www.visita-valencia.com\/mercato-san-valero#primaryimage"},"image":{"@id":"https:\/\/www.visita-valencia.com\/mercato-san-valero#primaryimage"},"thumbnailUrl":"https:\/\/www.visita-valencia.com\/wp-content\/uploads\/2018\/12\/ambiente.jpg","datePublished":"2019-02-08T14:52:51+00:00","dateModified":"2019-02-08T15:43:25+00:00","breadcrumb":{"@id":"https:\/\/www.visita-valencia.com\/mercato-san-valero#breadcrumb"},"inLanguage":"it-IT","potentialAction":[{"@type":"ReadAction","target":["https:\/\/www.visita-valencia.com\/mercato-san-valero"]}]},{"@type":"ImageObject","inLanguage":"it-IT","@id":"https:\/\/www.visita-valencia.com\/mercato-san-valero#primaryimage","url":"https:\/\/www.visita-valencia.com\/wp-content\/uploads\/2018\/12\/ambiente.jpg","contentUrl":"https:\/\/www.visita-valencia.com\/wp-content\/uploads\/2018\/12\/ambiente.jpg","width":"3543","height":"2362","caption":"Mercato San Valero Valencia"},{"@type":"BreadcrumbList","@id":"https:\/\/www.visita-valencia.com\/mercato-san-valero#breadcrumb","itemListElement":[{"@type":"ListItem","position":1,"name":"Portada","item":"https:\/\/www.visita-valencia.com\/it"},{"@type":"ListItem","position":2,"name":"MERCATO SAN VALERO"}]},{"@type":"WebSite","@id":"https:\/\/www.visita-valencia.com\/#website","url":"https:\/\/www.visita-valencia.com\/","name":"Gu\u00eda tur\u00edstica de Valencia","description":"Visitas guiadas en Valencia","publisher":{"@id":"https:\/\/www.visita-valencia.com\/#organization"},"potentialAction":[{"@type":"SearchAction","target":{"@type":"EntryPoint","urlTemplate":"https:\/\/www.visita-valencia.com\/?s={search_term_string}"},"query-input":{"@type":"PropertyValueSpecification","valueRequired":true,"valueName":"search_term_string"}}],"inLanguage":"it-IT"},{"@type":"Organization","@id":"https:\/\/www.visita-valencia.com\/#organization","name":"Visita-Valencia","url":"https:\/\/www.visita-valencia.com\/","logo":{"@type":"ImageObject","inLanguage":"it-IT","@id":"https:\/\/www.visita-valencia.com\/#\/schema\/logo\/image\/","url":"http:\/\/www.visita-valencia.com\/wp-content\/uploads\/2018\/01\/logo-VV-blanco-web.png","contentUrl":"http:\/\/www.visita-valencia.com\/wp-content\/uploads\/2018\/01\/logo-VV-blanco-web.png","width":241,"height":84,"caption":"Visita-Valencia"},"image":{"@id":"https:\/\/www.visita-valencia.com\/#\/schema\/logo\/image\/"}},{"@type":"Person","@id":"https:\/\/www.visita-valencia.com\/#\/schema\/person\/499cd30a7351987307d19dafcc9c6871","name":"Visita","image":{"@type":"ImageObject","inLanguage":"it-IT","@id":"https:\/\/secure.gravatar.com\/avatar\/d1aedb2e4a71b868a620916cae82d968254291ed5fcb78d088031183d61de1fd?s=96&d=mm&r=g","url":"https:\/\/secure.gravatar.com\/avatar\/d1aedb2e4a71b868a620916cae82d968254291ed5fcb78d088031183d61de1fd?s=96&d=mm&r=g","contentUrl":"https:\/\/secure.gravatar.com\/avatar\/d1aedb2e4a71b868a620916cae82d968254291ed5fcb78d088031183d61de1fd?s=96&d=mm&r=g","caption":"Visita"},"url":"https:\/\/www.visita-valencia.com\/it\/author\/visita"}]}},"_links":{"self":[{"href":"https:\/\/www.visita-valencia.com\/it\/wp-json\/wp\/v2\/posts\/2566","targetHints":{"allow":["GET"]}}],"collection":[{"href":"https:\/\/www.visita-valencia.com\/it\/wp-json\/wp\/v2\/posts"}],"about":[{"href":"https:\/\/www.visita-valencia.com\/it\/wp-json\/wp\/v2\/types\/post"}],"author":[{"embeddable":true,"href":"https:\/\/www.visita-valencia.com\/it\/wp-json\/wp\/v2\/users\/1"}],"replies":[{"embeddable":true,"href":"https:\/\/www.visita-valencia.com\/it\/wp-json\/wp\/v2\/comments?post=2566"}],"version-history":[{"count":4,"href":"https:\/\/www.visita-valencia.com\/it\/wp-json\/wp\/v2\/posts\/2566\/revisions"}],"predecessor-version":[{"id":2573,"href":"https:\/\/www.visita-valencia.com\/it\/wp-json\/wp\/v2\/posts\/2566\/revisions\/2573"}],"wp:featuredmedia":[{"embeddable":true,"href":"https:\/\/www.visita-valencia.com\/it\/wp-json\/wp\/v2\/media\/2542"}],"wp:attachment":[{"href":"https:\/\/www.visita-valencia.com\/it\/wp-json\/wp\/v2\/media?parent=2566"}],"wp:term":[{"taxonomy":"category","embeddable":true,"href":"https:\/\/www.visita-valencia.com\/it\/wp-json\/wp\/v2\/categories?post=2566"},{"taxonomy":"post_tag","embeddable":true,"href":"https:\/\/www.visita-valencia.com\/it\/wp-json\/wp\/v2\/tags?post=2566"}],"curies":[{"name":"wp","href":"https:\/\/api.w.org\/{rel}","templated":true}]}}