{"id":2654,"date":"2019-08-05T14:15:40","date_gmt":"2019-08-05T14:15:40","guid":{"rendered":"http:\/\/www.visita-valencia.com\/playa-malvarrosa"},"modified":"2020-03-27T08:20:04","modified_gmt":"2020-03-27T08:20:04","slug":"spiaggia-malvarrosa","status":"publish","type":"post","link":"https:\/\/www.visita-valencia.com\/it\/spiaggia-malvarrosa","title":{"rendered":"SPIAGGIA LA MALVARROSA"},"content":{"rendered":"<p style=\"text-align: justify;\">Questo articolo potrebbe essere a priori un articolo concentrato\/focalizzato su tutte quelle persone che hanno l\u2019intenzione di <a href=\"https:\/\/www.visita-valencia.com\/it\/\" target=\"_blank\" rel=\"noopener\">visitare Valencia<\/a> questo estate. Tuttavia, spero anche di catturare l&#8217;attenzione di molti valenciani, di quelli che dicono &#8220;Cosa mi dirai che non lo sappia&#8221; e alla fine della visita riconoscono tutto ci\u00f2 che hanno imparato.<\/p>\n<p style=\"text-align: justify;\">S\u00ec, siamo gi\u00e0 in agosto, il mese di vacanza\/e per eccellenza e finalmente arrivano i desiderati\/agognati giorni di riposo per molti. Sebbene<strong> il turismo culturale abbia gi\u00e0 un grande peso nella nostra citt\u00e0<\/strong>, Valencia sar\u00e0 sempre una importante\/grande destinazione di sole e mare, una destinazione popolare soprattutto per il turismo nazionale\/spagnolo.<\/p>\n<p style=\"text-align: justify;\">Se i visitatori arrivati da citt\u00e0 spagnole come Madrid, Toledo o Salamanca pensano a una spiaggia valenciana, pensano sicuramente alla spiaggia La Malvarrosa. S\u00ec, tutti i valenciani la conoscono, ci ricorda la nostra infanzia, quelle indimenticabili domeniche estive. Ma conoscete cari valenciani perch\u00e9 si chiama cos\u00ec, ci avete mai pensato? Bene, ecco la risposta.<\/p>\n<p style=\"text-align: justify;\"><img decoding=\"async\" class=\"size-full wp-image-2643 aligncenter\" src=\"http:\/\/www.visita-valencia.com\/wp-content\/uploads\/2019\/08\/playa-malvarrosa.jpg\" alt=\"\" width=\"1024\" height=\"765\" srcset=\"https:\/\/www.visita-valencia.com\/wp-content\/uploads\/2019\/08\/playa-malvarrosa-120x90.jpg 120w, https:\/\/www.visita-valencia.com\/wp-content\/uploads\/2019\/08\/playa-malvarrosa-200x149.jpg 200w, https:\/\/www.visita-valencia.com\/wp-content\/uploads\/2019\/08\/playa-malvarrosa-300x224.jpg 300w, https:\/\/www.visita-valencia.com\/wp-content\/uploads\/2019\/08\/playa-malvarrosa-400x299.jpg 400w, https:\/\/www.visita-valencia.com\/wp-content\/uploads\/2019\/08\/playa-malvarrosa-500x374.jpg 500w, https:\/\/www.visita-valencia.com\/wp-content\/uploads\/2019\/08\/playa-malvarrosa-600x448.jpg 600w, https:\/\/www.visita-valencia.com\/wp-content\/uploads\/2019\/08\/playa-malvarrosa-700x523.jpg 700w, https:\/\/www.visita-valencia.com\/wp-content\/uploads\/2019\/08\/playa-malvarrosa-768x574.jpg 768w, https:\/\/www.visita-valencia.com\/wp-content\/uploads\/2019\/08\/playa-malvarrosa-800x598.jpg 800w, https:\/\/www.visita-valencia.com\/wp-content\/uploads\/2019\/08\/playa-malvarrosa.jpg 1024w\" sizes=\"(max-width: 1024px) 100vw, 1024px\" \/><\/p>\n<p>Il suo nome risale alla met\u00e0 del XIX secolo e si deve al giardiniere e profumiere francese F\u00e9lix Robillard, che arriv\u00f2 in citt\u00e0 per occupare la posizione di giardiniere maggiore del <a href=\"http:\/\/www.jardibotanic.org\/?idioma=_eng\" target=\"_blank\" rel=\"noopener\"><strong>Giardino Botanico di Valencia<\/strong><\/a>. Questo giardiniere \u00e8 avuto la brillante idea di acquistare una grande area di terra vicino al mare per recuperarla, asciugarla e piantare diverse specie di fiori e piante, tra cui c\u00b4era il famoso geranio conosciuto come malva rosa.<\/p>\n<p>Fino ad allora tutto quello non era altro che un&#8217;area paludosa dove c\u00b4erano alcune capanne di pescatori. Di tutte quelle piante, la malva rosa era l&#8217;unica che \u00e8 stata coltivata in maniera intensiva. In seguito, \u00e8 stata aperta una fabbrica di profumi ed essenze che \u00e8 diventata molto conosciuta addirittura fuori di Valencia.<\/p>\n<p>Bene, qui ce l&#8217;avete, tutto viene da qui. Queste famose piantagioni di malva rosa hanno dato il nome alla spiaggia e anche al quartiere.<\/p>\n<p>Da allora tutto \u00e8 cambiato. Quello che era stato un luogo dove sbarcavano la pesca ed altri prodotti, \u00e8 stato diventato un luogo di riposo della borghesia valenciana. Tra i suoi illustri vacanzieri \u00e8 stato il pittore <a href=\"http:\/\/www.culturaydeporte.gob.es\/msorolla\/en\/inicio.html\" target=\"_blank\" rel=\"noopener\">Joaqu\u00edn Sorolla<\/a> e lo scrittore <a href=\"http:\/\/www.casamuseoblascoibanez.com\/\" target=\"_blank\" rel=\"noopener\">Vicente Blasco Iba\u00f1ez<\/a>. I due erano grandi amanti della loro nativa Valencia, del loro Mar Mediterraneo e della loro spiaggia La Malvarrosa, entrambi servirono da grande ispirazione. Sorolla ha dipinto tante pitture come &#8220;Pescadoras Valencianas&#8221;, &#8220;Playa de la Malvarrosa&#8221; o \u201cLa vuelta de la pesca&#8221;.<\/p>\n<p><img decoding=\"async\" class=\"wp-image-2644 aligncenter\" src=\"http:\/\/www.visita-valencia.com\/wp-content\/uploads\/2019\/08\/Museo_Sorolla_-_01116_-_Pescadoras_valencianas.jpg\" alt=\"\" width=\"569\" height=\"843\" srcset=\"https:\/\/www.visita-valencia.com\/wp-content\/uploads\/2019\/08\/Museo_Sorolla_-_01116_-_Pescadoras_valencianas-120x178.jpg 120w, https:\/\/www.visita-valencia.com\/wp-content\/uploads\/2019\/08\/Museo_Sorolla_-_01116_-_Pescadoras_valencianas-200x296.jpg 200w, https:\/\/www.visita-valencia.com\/wp-content\/uploads\/2019\/08\/Museo_Sorolla_-_01116_-_Pescadoras_valencianas-203x300.jpg 203w, https:\/\/www.visita-valencia.com\/wp-content\/uploads\/2019\/08\/Museo_Sorolla_-_01116_-_Pescadoras_valencianas-400x592.jpg 400w, https:\/\/www.visita-valencia.com\/wp-content\/uploads\/2019\/08\/Museo_Sorolla_-_01116_-_Pescadoras_valencianas-500x741.jpg 500w, https:\/\/www.visita-valencia.com\/wp-content\/uploads\/2019\/08\/Museo_Sorolla_-_01116_-_Pescadoras_valencianas-600x889.jpg 600w, https:\/\/www.visita-valencia.com\/wp-content\/uploads\/2019\/08\/Museo_Sorolla_-_01116_-_Pescadoras_valencianas-691x1024.jpg 691w, https:\/\/www.visita-valencia.com\/wp-content\/uploads\/2019\/08\/Museo_Sorolla_-_01116_-_Pescadoras_valencianas-700x1037.jpg 700w, https:\/\/www.visita-valencia.com\/wp-content\/uploads\/2019\/08\/Museo_Sorolla_-_01116_-_Pescadoras_valencianas-768x1138.jpg 768w, https:\/\/www.visita-valencia.com\/wp-content\/uploads\/2019\/08\/Museo_Sorolla_-_01116_-_Pescadoras_valencianas-800x1185.jpg 800w, https:\/\/www.visita-valencia.com\/wp-content\/uploads\/2019\/08\/Museo_Sorolla_-_01116_-_Pescadoras_valencianas.jpg 1037w\" sizes=\"(max-width: 569px) 100vw, 569px\" \/><\/p>\n<p>Blasco Ib\u00e1\u00f1ez ha scritto alcune delle sue opere seduto nella terrazza della sua casa a La Malvarrosa. Se vuoi sapere di pi\u00f9 su Blasco Ib\u00e1\u00f1ez puoi leggere un <a href=\"http:\/\/visita-valencia.com\/casa-museo-vicente-blasco-ibanez\" target=\"_blank\" rel=\"noopener\">altro dei miei articoli<\/a> dove parlo di lui e della sua <strong>casa<\/strong><strong>-museo <\/strong>a Valencia.<\/p>\n<p><img decoding=\"async\" class=\"size-full wp-image-1937 aligncenter\" src=\"http:\/\/www.visita-valencia.com\/wp-content\/uploads\/2018\/03\/Casa-Museo-Blasco-Ib\u00e1\u00f1ez-2-.jpg\" alt=\"\" width=\"1024\" height=\"683\" srcset=\"https:\/\/www.visita-valencia.com\/wp-content\/uploads\/2018\/03\/Casa-Museo-Blasco-Ib\u00e1\u00f1ez-2--120x80.jpg 120w, https:\/\/www.visita-valencia.com\/wp-content\/uploads\/2018\/03\/Casa-Museo-Blasco-Ib\u00e1\u00f1ez-2--200x133.jpg 200w, https:\/\/www.visita-valencia.com\/wp-content\/uploads\/2018\/03\/Casa-Museo-Blasco-Ib\u00e1\u00f1ez-2--300x200.jpg 300w, https:\/\/www.visita-valencia.com\/wp-content\/uploads\/2018\/03\/Casa-Museo-Blasco-Ib\u00e1\u00f1ez-2--400x267.jpg 400w, https:\/\/www.visita-valencia.com\/wp-content\/uploads\/2018\/03\/Casa-Museo-Blasco-Ib\u00e1\u00f1ez-2--500x333.jpg 500w, https:\/\/www.visita-valencia.com\/wp-content\/uploads\/2018\/03\/Casa-Museo-Blasco-Ib\u00e1\u00f1ez-2--600x400.jpg 600w, https:\/\/www.visita-valencia.com\/wp-content\/uploads\/2018\/03\/Casa-Museo-Blasco-Ib\u00e1\u00f1ez-2--700x467.jpg 700w, https:\/\/www.visita-valencia.com\/wp-content\/uploads\/2018\/03\/Casa-Museo-Blasco-Ib\u00e1\u00f1ez-2--768x512.jpg 768w, https:\/\/www.visita-valencia.com\/wp-content\/uploads\/2018\/03\/Casa-Museo-Blasco-Ib\u00e1\u00f1ez-2--800x534.jpg 800w, https:\/\/www.visita-valencia.com\/wp-content\/uploads\/2018\/03\/Casa-Museo-Blasco-Ib\u00e1\u00f1ez-2-.jpg 1024w\" sizes=\"(max-width: 1024px) 100vw, 1024px\" \/><\/p>\n<p>Prima di finire vorrei fare una precisazione sia per valenciani sia per visitatori. \u00c8 la differenza tra i nomi delle <strong>spiagge di Valencia: Malvarrosa, Caba\u00f1al e Las Arenas<\/strong>. La prima cosa da sapere \u00e8 che il nome di Las Arenas non esiste ufficialmente, si conosce cos\u00ec dovuto alle antiche terme note come Balneario Las Arenas, oggi convertito in un hotel di lusso chiamato <a href=\"https:\/\/www.hotelvalencialasarenas.com\/it\/\" target=\"_blank\" rel=\"noopener\">Balneario Hotel Las Arenas<\/a>, ma il suo vero nome \u00e8 Spiaggia del Caba\u00f1al.<\/p>\n<p><img decoding=\"async\" class=\"size-full wp-image-2646 aligncenter\" src=\"http:\/\/www.visita-valencia.com\/wp-content\/uploads\/2019\/08\/hotel-las-arenas.jpg\" alt=\"\" width=\"1024\" height=\"683\" srcset=\"https:\/\/www.visita-valencia.com\/wp-content\/uploads\/2019\/08\/hotel-las-arenas-120x80.jpg 120w, https:\/\/www.visita-valencia.com\/wp-content\/uploads\/2019\/08\/hotel-las-arenas-200x133.jpg 200w, https:\/\/www.visita-valencia.com\/wp-content\/uploads\/2019\/08\/hotel-las-arenas-300x200.jpg 300w, https:\/\/www.visita-valencia.com\/wp-content\/uploads\/2019\/08\/hotel-las-arenas-400x267.jpg 400w, https:\/\/www.visita-valencia.com\/wp-content\/uploads\/2019\/08\/hotel-las-arenas-500x333.jpg 500w, https:\/\/www.visita-valencia.com\/wp-content\/uploads\/2019\/08\/hotel-las-arenas-600x400.jpg 600w, https:\/\/www.visita-valencia.com\/wp-content\/uploads\/2019\/08\/hotel-las-arenas-700x467.jpg 700w, https:\/\/www.visita-valencia.com\/wp-content\/uploads\/2019\/08\/hotel-las-arenas-768x512.jpg 768w, https:\/\/www.visita-valencia.com\/wp-content\/uploads\/2019\/08\/hotel-las-arenas-800x534.jpg 800w, https:\/\/www.visita-valencia.com\/wp-content\/uploads\/2019\/08\/hotel-las-arenas.jpg 1024w\" sizes=\"(max-width: 1024px) 100vw, 1024px\" \/><\/p>\n<p><img decoding=\"async\" class=\"size-full wp-image-2647 aligncenter\" src=\"http:\/\/www.visita-valencia.com\/wp-content\/uploads\/2019\/08\/hotel-las-arenas-2.jpg\" alt=\"\" width=\"1024\" height=\"755\" srcset=\"https:\/\/www.visita-valencia.com\/wp-content\/uploads\/2019\/08\/hotel-las-arenas-2-120x88.jpg 120w, https:\/\/www.visita-valencia.com\/wp-content\/uploads\/2019\/08\/hotel-las-arenas-2-200x147.jpg 200w, https:\/\/www.visita-valencia.com\/wp-content\/uploads\/2019\/08\/hotel-las-arenas-2-300x221.jpg 300w, https:\/\/www.visita-valencia.com\/wp-content\/uploads\/2019\/08\/hotel-las-arenas-2-400x295.jpg 400w, https:\/\/www.visita-valencia.com\/wp-content\/uploads\/2019\/08\/hotel-las-arenas-2-500x369.jpg 500w, https:\/\/www.visita-valencia.com\/wp-content\/uploads\/2019\/08\/hotel-las-arenas-2-600x442.jpg 600w, https:\/\/www.visita-valencia.com\/wp-content\/uploads\/2019\/08\/hotel-las-arenas-2-700x516.jpg 700w, https:\/\/www.visita-valencia.com\/wp-content\/uploads\/2019\/08\/hotel-las-arenas-2-768x566.jpg 768w, https:\/\/www.visita-valencia.com\/wp-content\/uploads\/2019\/08\/hotel-las-arenas-2-800x590.jpg 800w, https:\/\/www.visita-valencia.com\/wp-content\/uploads\/2019\/08\/hotel-las-arenas-2.jpg 1024w\" sizes=\"(max-width: 1024px) 100vw, 1024px\" \/><\/p>\n<p>Quindi, come sintesi, dentro\/ nel comune\/termine di Valencia ci sono solo due spiagge: Caba\u00f1al e Malvarrosa. La <strong>spiaggia del Caba\u00f1al<\/strong> confina a sud con il porto di Valencia e a nord con la spiaggia La Malvarrosa, mentre la <strong>spiaggia La Malvarrosa<\/strong> confina a sud con la spiaggia del Caba\u00f1al e a nord con la spiaggia La Patacona (comune di Alboraya).<\/p>\n<p><img decoding=\"async\" class=\"size-full wp-image-2648 aligncenter\" src=\"http:\/\/www.visita-valencia.com\/wp-content\/uploads\/2019\/08\/playa-mlvarrosa-2.jpg\" alt=\"\" width=\"1024\" height=\"683\" srcset=\"https:\/\/www.visita-valencia.com\/wp-content\/uploads\/2019\/08\/playa-mlvarrosa-2-120x80.jpg 120w, https:\/\/www.visita-valencia.com\/wp-content\/uploads\/2019\/08\/playa-mlvarrosa-2-200x133.jpg 200w, https:\/\/www.visita-valencia.com\/wp-content\/uploads\/2019\/08\/playa-mlvarrosa-2-300x200.jpg 300w, https:\/\/www.visita-valencia.com\/wp-content\/uploads\/2019\/08\/playa-mlvarrosa-2-400x267.jpg 400w, https:\/\/www.visita-valencia.com\/wp-content\/uploads\/2019\/08\/playa-mlvarrosa-2-500x333.jpg 500w, https:\/\/www.visita-valencia.com\/wp-content\/uploads\/2019\/08\/playa-mlvarrosa-2-600x400.jpg 600w, https:\/\/www.visita-valencia.com\/wp-content\/uploads\/2019\/08\/playa-mlvarrosa-2-700x467.jpg 700w, https:\/\/www.visita-valencia.com\/wp-content\/uploads\/2019\/08\/playa-mlvarrosa-2-768x512.jpg 768w, https:\/\/www.visita-valencia.com\/wp-content\/uploads\/2019\/08\/playa-mlvarrosa-2-800x534.jpg 800w, https:\/\/www.visita-valencia.com\/wp-content\/uploads\/2019\/08\/playa-mlvarrosa-2.jpg 1024w\" sizes=\"(max-width: 1024px) 100vw, 1024px\" \/><\/p>\n<p>Spero vi sia piaciuto l\u00b4articolo, che abbiate imparato qualcosa di nuovo e che abbiate adesso pi\u00f9 voglia di viaggiare a Valencia e venire alla<strong> spiaggia La Malvarrosa<\/strong>. Vi aspettiamo a braccia aperte!<\/p>\n","protected":false},"excerpt":{"rendered":"<p>Questo articolo potrebbe essere a priori un articolo concentrato\/focalizzato su tutte quelle persone che hanno l\u2019intenzione di visitare Valencia questo estate. Tuttavia, spero anche di [&hellip;]<\/p>\n","protected":false},"author":2,"featured_media":0,"comment_status":"open","ping_status":"open","sticky":false,"template":"","format":"standard","meta":{"footnotes":""},"categories":[114],"tags":[],"class_list":["post-2654","post","type-post","status-publish","format-standard","hentry","category-informacion-practica-sobre-valencia-it"],"yoast_head":"<!-- This site is optimized with the Yoast SEO plugin v27.5 - https:\/\/yoast.com\/product\/yoast-seo-wordpress\/ -->\n<title>SPIAGGIA LA MALVARROSA | Visita-Valencia<\/title>\n<meta name=\"description\" content=\"La spiaggia Malvarrosa \u00e8 una tra le pi\u00f9 famose e belle spiagge di Valencia, si trova tra il porto. La spiaggia \u00e8 caratterizzata da sabbia fine e dorata. Vi aspettiamo a bracia aperte!\" \/>\n<meta name=\"robots\" content=\"index, follow, max-snippet:-1, max-image-preview:large, max-video-preview:-1\" \/>\n<link rel=\"canonical\" href=\"https:\/\/www.visita-valencia.com\/spiaggia-malvarrosa\" \/>\n<meta property=\"og:locale\" content=\"it_IT\" \/>\n<meta property=\"og:type\" content=\"article\" \/>\n<meta property=\"og:title\" content=\"SPIAGGIA LA MALVARROSA | Visita-Valencia\" \/>\n<meta property=\"og:description\" content=\"La spiaggia Malvarrosa \u00e8 una tra le pi\u00f9 famose e belle spiagge di Valencia, si trova tra il porto. La spiaggia \u00e8 caratterizzata da sabbia fine e dorata. Vi aspettiamo a bracia aperte!\" \/>\n<meta property=\"og:url\" content=\"https:\/\/www.visita-valencia.com\/spiaggia-malvarrosa\" \/>\n<meta property=\"og:site_name\" content=\"Gu\u00eda tur\u00edstica de Valencia\" \/>\n<meta property=\"article:published_time\" content=\"2019-08-05T14:15:40+00:00\" \/>\n<meta property=\"article:modified_time\" content=\"2020-03-27T08:20:04+00:00\" \/>\n<meta property=\"og:image\" content=\"http:\/\/www.visita-valencia.com\/wp-content\/uploads\/2019\/08\/playa-malvarrosa.jpg\" \/>\n<meta name=\"author\" content=\"Visita Valencia\" \/>\n<meta name=\"twitter:card\" content=\"summary_large_image\" \/>\n<meta name=\"twitter:label1\" content=\"Scritto da\" \/>\n\t<meta name=\"twitter:data1\" content=\"Visita Valencia\" \/>\n\t<meta name=\"twitter:label2\" content=\"Tempo di lettura stimato\" \/>\n\t<meta name=\"twitter:data2\" content=\"3 minuti\" \/>\n<script type=\"application\/ld+json\" class=\"yoast-schema-graph\">{\"@context\":\"https:\\\/\\\/schema.org\",\"@graph\":[{\"@type\":\"Article\",\"@id\":\"https:\\\/\\\/www.visita-valencia.com\\\/spiaggia-malvarrosa#article\",\"isPartOf\":{\"@id\":\"https:\\\/\\\/www.visita-valencia.com\\\/spiaggia-malvarrosa\"},\"author\":{\"name\":\"Visita Valencia\",\"@id\":\"https:\\\/\\\/www.visita-valencia.com\\\/#\\\/schema\\\/person\\\/d9a8ff7ef19ff98f437b7f72f95247ec\"},\"headline\":\"SPIAGGIA LA MALVARROSA\",\"datePublished\":\"2019-08-05T14:15:40+00:00\",\"dateModified\":\"2020-03-27T08:20:04+00:00\",\"mainEntityOfPage\":{\"@id\":\"https:\\\/\\\/www.visita-valencia.com\\\/spiaggia-malvarrosa\"},\"wordCount\":622,\"commentCount\":2,\"publisher\":{\"@id\":\"https:\\\/\\\/www.visita-valencia.com\\\/#organization\"},\"image\":{\"@id\":\"https:\\\/\\\/www.visita-valencia.com\\\/spiaggia-malvarrosa#primaryimage\"},\"thumbnailUrl\":\"http:\\\/\\\/www.visita-valencia.com\\\/wp-content\\\/uploads\\\/2019\\\/08\\\/playa-malvarrosa.jpg\",\"articleSection\":[\"Informaci\u00f3n pr\u00e1ctica sobre Valencia\"],\"inLanguage\":\"it-IT\",\"potentialAction\":[{\"@type\":\"CommentAction\",\"name\":\"Comment\",\"target\":[\"https:\\\/\\\/www.visita-valencia.com\\\/spiaggia-malvarrosa#respond\"]}]},{\"@type\":\"WebPage\",\"@id\":\"https:\\\/\\\/www.visita-valencia.com\\\/spiaggia-malvarrosa\",\"url\":\"https:\\\/\\\/www.visita-valencia.com\\\/spiaggia-malvarrosa\",\"name\":\"SPIAGGIA LA MALVARROSA | Visita-Valencia\",\"isPartOf\":{\"@id\":\"https:\\\/\\\/www.visita-valencia.com\\\/#website\"},\"primaryImageOfPage\":{\"@id\":\"https:\\\/\\\/www.visita-valencia.com\\\/spiaggia-malvarrosa#primaryimage\"},\"image\":{\"@id\":\"https:\\\/\\\/www.visita-valencia.com\\\/spiaggia-malvarrosa#primaryimage\"},\"thumbnailUrl\":\"http:\\\/\\\/www.visita-valencia.com\\\/wp-content\\\/uploads\\\/2019\\\/08\\\/playa-malvarrosa.jpg\",\"datePublished\":\"2019-08-05T14:15:40+00:00\",\"dateModified\":\"2020-03-27T08:20:04+00:00\",\"description\":\"La spiaggia Malvarrosa \u00e8 una tra le pi\u00f9 famose e belle spiagge di Valencia, si trova tra il porto. La spiaggia \u00e8 caratterizzata da sabbia fine e dorata. Vi aspettiamo a bracia aperte!\",\"breadcrumb\":{\"@id\":\"https:\\\/\\\/www.visita-valencia.com\\\/spiaggia-malvarrosa#breadcrumb\"},\"inLanguage\":\"it-IT\",\"potentialAction\":[{\"@type\":\"ReadAction\",\"target\":[\"https:\\\/\\\/www.visita-valencia.com\\\/spiaggia-malvarrosa\"]}]},{\"@type\":\"ImageObject\",\"inLanguage\":\"it-IT\",\"@id\":\"https:\\\/\\\/www.visita-valencia.com\\\/spiaggia-malvarrosa#primaryimage\",\"url\":\"http:\\\/\\\/www.visita-valencia.com\\\/wp-content\\\/uploads\\\/2019\\\/08\\\/playa-malvarrosa.jpg\",\"contentUrl\":\"http:\\\/\\\/www.visita-valencia.com\\\/wp-content\\\/uploads\\\/2019\\\/08\\\/playa-malvarrosa.jpg\"},{\"@type\":\"BreadcrumbList\",\"@id\":\"https:\\\/\\\/www.visita-valencia.com\\\/spiaggia-malvarrosa#breadcrumb\",\"itemListElement\":[{\"@type\":\"ListItem\",\"position\":1,\"name\":\"Portada\",\"item\":\"https:\\\/\\\/www.visita-valencia.com\\\/it\"},{\"@type\":\"ListItem\",\"position\":2,\"name\":\"SPIAGGIA LA MALVARROSA\"}]},{\"@type\":\"WebSite\",\"@id\":\"https:\\\/\\\/www.visita-valencia.com\\\/#website\",\"url\":\"https:\\\/\\\/www.visita-valencia.com\\\/\",\"name\":\"Gu\u00eda tur\u00edstica de Valencia\",\"description\":\"Visitas guiadas en Valencia\",\"publisher\":{\"@id\":\"https:\\\/\\\/www.visita-valencia.com\\\/#organization\"},\"potentialAction\":[{\"@type\":\"SearchAction\",\"target\":{\"@type\":\"EntryPoint\",\"urlTemplate\":\"https:\\\/\\\/www.visita-valencia.com\\\/?s={search_term_string}\"},\"query-input\":{\"@type\":\"PropertyValueSpecification\",\"valueRequired\":true,\"valueName\":\"search_term_string\"}}],\"inLanguage\":\"it-IT\"},{\"@type\":\"Organization\",\"@id\":\"https:\\\/\\\/www.visita-valencia.com\\\/#organization\",\"name\":\"Visita-Valencia\",\"url\":\"https:\\\/\\\/www.visita-valencia.com\\\/\",\"logo\":{\"@type\":\"ImageObject\",\"inLanguage\":\"it-IT\",\"@id\":\"https:\\\/\\\/www.visita-valencia.com\\\/#\\\/schema\\\/logo\\\/image\\\/\",\"url\":\"http:\\\/\\\/www.visita-valencia.com\\\/wp-content\\\/uploads\\\/2018\\\/01\\\/logo-VV-blanco-web.png\",\"contentUrl\":\"http:\\\/\\\/www.visita-valencia.com\\\/wp-content\\\/uploads\\\/2018\\\/01\\\/logo-VV-blanco-web.png\",\"width\":241,\"height\":84,\"caption\":\"Visita-Valencia\"},\"image\":{\"@id\":\"https:\\\/\\\/www.visita-valencia.com\\\/#\\\/schema\\\/logo\\\/image\\\/\"}},{\"@type\":\"Person\",\"@id\":\"https:\\\/\\\/www.visita-valencia.com\\\/#\\\/schema\\\/person\\\/d9a8ff7ef19ff98f437b7f72f95247ec\",\"name\":\"Visita Valencia\",\"image\":{\"@type\":\"ImageObject\",\"inLanguage\":\"it-IT\",\"@id\":\"https:\\\/\\\/secure.gravatar.com\\\/avatar\\\/8e9b42087503fecd2c071643af69c8f725ada43b7ff13444df5ce5bf79c65f67?s=96&d=mm&r=g\",\"url\":\"https:\\\/\\\/secure.gravatar.com\\\/avatar\\\/8e9b42087503fecd2c071643af69c8f725ada43b7ff13444df5ce5bf79c65f67?s=96&d=mm&r=g\",\"contentUrl\":\"https:\\\/\\\/secure.gravatar.com\\\/avatar\\\/8e9b42087503fecd2c071643af69c8f725ada43b7ff13444df5ce5bf79c65f67?s=96&d=mm&r=g\",\"caption\":\"Visita Valencia\"},\"url\":\"https:\\\/\\\/www.visita-valencia.com\\\/it\\\/author\\\/elisabeth\"}]}<\/script>\n<!-- \/ Yoast SEO plugin. -->","yoast_head_json":{"title":"SPIAGGIA LA MALVARROSA | Visita-Valencia","description":"La spiaggia Malvarrosa \u00e8 una tra le pi\u00f9 famose e belle spiagge di Valencia, si trova tra il porto. La spiaggia \u00e8 caratterizzata da sabbia fine e dorata. Vi aspettiamo a bracia aperte!","robots":{"index":"index","follow":"follow","max-snippet":"max-snippet:-1","max-image-preview":"max-image-preview:large","max-video-preview":"max-video-preview:-1"},"canonical":"https:\/\/www.visita-valencia.com\/spiaggia-malvarrosa","og_locale":"it_IT","og_type":"article","og_title":"SPIAGGIA LA MALVARROSA | Visita-Valencia","og_description":"La spiaggia Malvarrosa \u00e8 una tra le pi\u00f9 famose e belle spiagge di Valencia, si trova tra il porto. La spiaggia \u00e8 caratterizzata da sabbia fine e dorata. Vi aspettiamo a bracia aperte!","og_url":"https:\/\/www.visita-valencia.com\/spiaggia-malvarrosa","og_site_name":"Gu\u00eda tur\u00edstica de Valencia","article_published_time":"2019-08-05T14:15:40+00:00","article_modified_time":"2020-03-27T08:20:04+00:00","og_image":[{"url":"http:\/\/www.visita-valencia.com\/wp-content\/uploads\/2019\/08\/playa-malvarrosa.jpg","type":"","width":"","height":""}],"author":"Visita Valencia","twitter_card":"summary_large_image","twitter_misc":{"Scritto da":"Visita Valencia","Tempo di lettura stimato":"3 minuti"},"schema":{"@context":"https:\/\/schema.org","@graph":[{"@type":"Article","@id":"https:\/\/www.visita-valencia.com\/spiaggia-malvarrosa#article","isPartOf":{"@id":"https:\/\/www.visita-valencia.com\/spiaggia-malvarrosa"},"author":{"name":"Visita Valencia","@id":"https:\/\/www.visita-valencia.com\/#\/schema\/person\/d9a8ff7ef19ff98f437b7f72f95247ec"},"headline":"SPIAGGIA LA MALVARROSA","datePublished":"2019-08-05T14:15:40+00:00","dateModified":"2020-03-27T08:20:04+00:00","mainEntityOfPage":{"@id":"https:\/\/www.visita-valencia.com\/spiaggia-malvarrosa"},"wordCount":622,"commentCount":2,"publisher":{"@id":"https:\/\/www.visita-valencia.com\/#organization"},"image":{"@id":"https:\/\/www.visita-valencia.com\/spiaggia-malvarrosa#primaryimage"},"thumbnailUrl":"http:\/\/www.visita-valencia.com\/wp-content\/uploads\/2019\/08\/playa-malvarrosa.jpg","articleSection":["Informaci\u00f3n pr\u00e1ctica sobre Valencia"],"inLanguage":"it-IT","potentialAction":[{"@type":"CommentAction","name":"Comment","target":["https:\/\/www.visita-valencia.com\/spiaggia-malvarrosa#respond"]}]},{"@type":"WebPage","@id":"https:\/\/www.visita-valencia.com\/spiaggia-malvarrosa","url":"https:\/\/www.visita-valencia.com\/spiaggia-malvarrosa","name":"SPIAGGIA LA MALVARROSA | Visita-Valencia","isPartOf":{"@id":"https:\/\/www.visita-valencia.com\/#website"},"primaryImageOfPage":{"@id":"https:\/\/www.visita-valencia.com\/spiaggia-malvarrosa#primaryimage"},"image":{"@id":"https:\/\/www.visita-valencia.com\/spiaggia-malvarrosa#primaryimage"},"thumbnailUrl":"http:\/\/www.visita-valencia.com\/wp-content\/uploads\/2019\/08\/playa-malvarrosa.jpg","datePublished":"2019-08-05T14:15:40+00:00","dateModified":"2020-03-27T08:20:04+00:00","description":"La spiaggia Malvarrosa \u00e8 una tra le pi\u00f9 famose e belle spiagge di Valencia, si trova tra il porto. La spiaggia \u00e8 caratterizzata da sabbia fine e dorata. Vi aspettiamo a bracia aperte!","breadcrumb":{"@id":"https:\/\/www.visita-valencia.com\/spiaggia-malvarrosa#breadcrumb"},"inLanguage":"it-IT","potentialAction":[{"@type":"ReadAction","target":["https:\/\/www.visita-valencia.com\/spiaggia-malvarrosa"]}]},{"@type":"ImageObject","inLanguage":"it-IT","@id":"https:\/\/www.visita-valencia.com\/spiaggia-malvarrosa#primaryimage","url":"http:\/\/www.visita-valencia.com\/wp-content\/uploads\/2019\/08\/playa-malvarrosa.jpg","contentUrl":"http:\/\/www.visita-valencia.com\/wp-content\/uploads\/2019\/08\/playa-malvarrosa.jpg"},{"@type":"BreadcrumbList","@id":"https:\/\/www.visita-valencia.com\/spiaggia-malvarrosa#breadcrumb","itemListElement":[{"@type":"ListItem","position":1,"name":"Portada","item":"https:\/\/www.visita-valencia.com\/it"},{"@type":"ListItem","position":2,"name":"SPIAGGIA LA MALVARROSA"}]},{"@type":"WebSite","@id":"https:\/\/www.visita-valencia.com\/#website","url":"https:\/\/www.visita-valencia.com\/","name":"Gu\u00eda tur\u00edstica de Valencia","description":"Visitas guiadas en Valencia","publisher":{"@id":"https:\/\/www.visita-valencia.com\/#organization"},"potentialAction":[{"@type":"SearchAction","target":{"@type":"EntryPoint","urlTemplate":"https:\/\/www.visita-valencia.com\/?s={search_term_string}"},"query-input":{"@type":"PropertyValueSpecification","valueRequired":true,"valueName":"search_term_string"}}],"inLanguage":"it-IT"},{"@type":"Organization","@id":"https:\/\/www.visita-valencia.com\/#organization","name":"Visita-Valencia","url":"https:\/\/www.visita-valencia.com\/","logo":{"@type":"ImageObject","inLanguage":"it-IT","@id":"https:\/\/www.visita-valencia.com\/#\/schema\/logo\/image\/","url":"http:\/\/www.visita-valencia.com\/wp-content\/uploads\/2018\/01\/logo-VV-blanco-web.png","contentUrl":"http:\/\/www.visita-valencia.com\/wp-content\/uploads\/2018\/01\/logo-VV-blanco-web.png","width":241,"height":84,"caption":"Visita-Valencia"},"image":{"@id":"https:\/\/www.visita-valencia.com\/#\/schema\/logo\/image\/"}},{"@type":"Person","@id":"https:\/\/www.visita-valencia.com\/#\/schema\/person\/d9a8ff7ef19ff98f437b7f72f95247ec","name":"Visita Valencia","image":{"@type":"ImageObject","inLanguage":"it-IT","@id":"https:\/\/secure.gravatar.com\/avatar\/8e9b42087503fecd2c071643af69c8f725ada43b7ff13444df5ce5bf79c65f67?s=96&d=mm&r=g","url":"https:\/\/secure.gravatar.com\/avatar\/8e9b42087503fecd2c071643af69c8f725ada43b7ff13444df5ce5bf79c65f67?s=96&d=mm&r=g","contentUrl":"https:\/\/secure.gravatar.com\/avatar\/8e9b42087503fecd2c071643af69c8f725ada43b7ff13444df5ce5bf79c65f67?s=96&d=mm&r=g","caption":"Visita Valencia"},"url":"https:\/\/www.visita-valencia.com\/it\/author\/elisabeth"}]}},"_links":{"self":[{"href":"https:\/\/www.visita-valencia.com\/it\/wp-json\/wp\/v2\/posts\/2654","targetHints":{"allow":["GET"]}}],"collection":[{"href":"https:\/\/www.visita-valencia.com\/it\/wp-json\/wp\/v2\/posts"}],"about":[{"href":"https:\/\/www.visita-valencia.com\/it\/wp-json\/wp\/v2\/types\/post"}],"author":[{"embeddable":true,"href":"https:\/\/www.visita-valencia.com\/it\/wp-json\/wp\/v2\/users\/2"}],"replies":[{"embeddable":true,"href":"https:\/\/www.visita-valencia.com\/it\/wp-json\/wp\/v2\/comments?post=2654"}],"version-history":[{"count":5,"href":"https:\/\/www.visita-valencia.com\/it\/wp-json\/wp\/v2\/posts\/2654\/revisions"}],"predecessor-version":[{"id":2797,"href":"https:\/\/www.visita-valencia.com\/it\/wp-json\/wp\/v2\/posts\/2654\/revisions\/2797"}],"wp:attachment":[{"href":"https:\/\/www.visita-valencia.com\/it\/wp-json\/wp\/v2\/media?parent=2654"}],"wp:term":[{"taxonomy":"category","embeddable":true,"href":"https:\/\/www.visita-valencia.com\/it\/wp-json\/wp\/v2\/categories?post=2654"},{"taxonomy":"post_tag","embeddable":true,"href":"https:\/\/www.visita-valencia.com\/it\/wp-json\/wp\/v2\/tags?post=2654"}],"curies":[{"name":"wp","href":"https:\/\/api.w.org\/{rel}","templated":true}]}}