{"id":2677,"date":"2019-08-22T15:46:50","date_gmt":"2019-08-22T15:46:50","guid":{"rendered":"http:\/\/www.visita-valencia.com\/santiago-calatrava-valencia"},"modified":"2019-08-22T16:02:17","modified_gmt":"2019-08-22T16:02:17","slug":"santiago-calatrava-valencia","status":"publish","type":"post","link":"https:\/\/www.visita-valencia.com\/it\/santiago-calatrava-valencia","title":{"rendered":"SANTIAGO CALATRAVA"},"content":{"rendered":"<p style=\"text-align: justify;\"><b>Santiago Calatrava <\/b>\u00e8\u00a0nato a Valencia, 68 anni fa, il 28 luglio 1951. La sua famiglia si dedicava all&#8217;esportazione di agrumi, cosa che permise loro di visitare altri paesi in Europa.<\/p>\n<p style=\"text-align: justify;\">Sin da piccolo sapeva molto bene cosa lo appassionava. Infatti, a soli 8 anni, entr\u00f2 nella <strong>Scuola di Belle Arti di Valencia<\/strong>, dove inizi\u00f2 a studiare disegno e pittura, un&#8217;attivit\u00e0 che affianc\u00f2 agli studi della scuola primaria. All&#8217;et\u00e0 di 13 anni, la sua famiglia lo mand\u00f2 a Parigi con un programma di scambio di studenti.<\/p>\n<p style=\"text-align: justify;\">All&#8217;et\u00e0 di 18 anni inizi\u00f2 architettura al Politecnico di Valencia, dove si laure\u00f2 come architetto a 24 anni. In seguito si trasfer\u00ec a Zurigo, dove cominci\u00f2 a studiare ingegneria civile e dove fece un dottorato in Scienze Tecniche con una tesi sulla piegatura delle strutture. Dopo aver terminato gli studi si stabil\u00ec definitivamente a Zurigo.<\/p>\n<p style=\"text-align: justify;\">Ma a Zurigo non si trasfer\u00ec solo per motivi professionali, ma anche per motivi personali giacch\u00e9 l\u00ec conobbe sua moglie, Robertina Marangoni, una studentessa di legge di una famiglia benestante.<\/p>\n<p style=\"text-align: justify;\">Si sono sposati pi\u00f9 di 40 anni fa e hanno avuto quattro figli: Rafael, Micael, Gabriel e Ana Sof\u00eda. Da allora, non si sono mai separati e oggi formano anche un grande team professionale giacch\u00e9 lui progetta e crea e lei si occupa degli affari legali dell&#8217;azienda.<\/p>\n<p style=\"text-align: justify;\">Pochi anni dopo la celebrazione del suo matrimonio, a 32 anni, gli fu assegnata la prima opera di una certa importanza: la stazione ferroviaria di Stadelhofen a Zurigo, dove aveva aperto il suo primo ufficio. Da quel momento, <strong>la carriera di<\/strong> <strong>Calatrava decoll\u00f2 e iniziarono ad arrivare molti altri progetti<\/strong>. Arriv\u00f2 il ponte Lusitania a M\u00e9rida (1991), il ponte Alamillo a Siviglia (1992), la torre di comunicazione di Montjuic a Barcellona (1992), la Galleria Allen Lambert a Toronto, la <a href=\"https:\/\/www.visita-valencia.com\/it\/visite-guidate-valencia\/citta-delle-arti-delle-scienze\" target=\"_blank\" rel=\"noopener\">Citt\u00e0 delle Arti e delle Scienze a Valencia<\/a>, il <a href=\"https:\/\/mam.org\/\" target=\"_blank\" rel=\"noopener\">Museo d\u00b4Arte de Milwaukee<\/a> a Wisconsin, il Complesso Olimpico ad Atene&#8230;la lista \u00e8 infinita.<\/p>\n<p><img decoding=\"async\" class=\"size-full wp-image-2670 aligncenter\" src=\"http:\/\/www.visita-valencia.com\/wp-content\/uploads\/2019\/08\/milwaukee-art-museum-3979_960_720.jpg\" alt=\"\" width=\"960\" height=\"720\" srcset=\"https:\/\/www.visita-valencia.com\/wp-content\/uploads\/2019\/08\/milwaukee-art-museum-3979_960_720-120x90.jpg 120w, https:\/\/www.visita-valencia.com\/wp-content\/uploads\/2019\/08\/milwaukee-art-museum-3979_960_720-200x150.jpg 200w, https:\/\/www.visita-valencia.com\/wp-content\/uploads\/2019\/08\/milwaukee-art-museum-3979_960_720-300x225.jpg 300w, https:\/\/www.visita-valencia.com\/wp-content\/uploads\/2019\/08\/milwaukee-art-museum-3979_960_720-400x300.jpg 400w, https:\/\/www.visita-valencia.com\/wp-content\/uploads\/2019\/08\/milwaukee-art-museum-3979_960_720-500x375.jpg 500w, https:\/\/www.visita-valencia.com\/wp-content\/uploads\/2019\/08\/milwaukee-art-museum-3979_960_720-600x450.jpg 600w, https:\/\/www.visita-valencia.com\/wp-content\/uploads\/2019\/08\/milwaukee-art-museum-3979_960_720-700x525.jpg 700w, https:\/\/www.visita-valencia.com\/wp-content\/uploads\/2019\/08\/milwaukee-art-museum-3979_960_720-768x576.jpg 768w, https:\/\/www.visita-valencia.com\/wp-content\/uploads\/2019\/08\/milwaukee-art-museum-3979_960_720-800x600.jpg 800w, https:\/\/www.visita-valencia.com\/wp-content\/uploads\/2019\/08\/milwaukee-art-museum-3979_960_720.jpg 960w\" sizes=\"(max-width: 960px) 100vw, 960px\" \/><\/p>\n<p style=\"text-align: justify;\"><span style=\"font-weight: 400;\">Insieme con i nuovi progetti arriv\u00f2 anche l\u00b4apertura di nuovi uffici. Il secondo fu a Parigi, dove stava lavorando alla stazione ferroviaria dell&#8217;aeroporto di Lione.<\/span><\/p>\n<p style=\"text-align: justify;\"><span style=\"font-weight: 400;\">E due anni dopo arriv\u00f2 il suo terzo ufficio, questa volta nella sua citt\u00e0 natale, Valencia; arriva la grande opera della sua vita:<a href=\"https:\/\/www.cac.es\/en\/home.html\" target=\"_blank\" rel=\"noopener\"> la Citt\u00e0 delle Arti e delle Scienze<\/a>.<\/span><\/p>\n<p><img decoding=\"async\" class=\"size-full wp-image-2671 aligncenter\" src=\"http:\/\/www.visita-valencia.com\/wp-content\/uploads\/2019\/08\/museo.jpg\" alt=\"\" width=\"960\" height=\"640\" srcset=\"https:\/\/www.visita-valencia.com\/wp-content\/uploads\/2019\/08\/museo-120x80.jpg 120w, https:\/\/www.visita-valencia.com\/wp-content\/uploads\/2019\/08\/museo-200x133.jpg 200w, https:\/\/www.visita-valencia.com\/wp-content\/uploads\/2019\/08\/museo-300x200.jpg 300w, https:\/\/www.visita-valencia.com\/wp-content\/uploads\/2019\/08\/museo-400x267.jpg 400w, https:\/\/www.visita-valencia.com\/wp-content\/uploads\/2019\/08\/museo-500x333.jpg 500w, https:\/\/www.visita-valencia.com\/wp-content\/uploads\/2019\/08\/museo-600x400.jpg 600w, https:\/\/www.visita-valencia.com\/wp-content\/uploads\/2019\/08\/museo-700x467.jpg 700w, https:\/\/www.visita-valencia.com\/wp-content\/uploads\/2019\/08\/museo-768x512.jpg 768w, https:\/\/www.visita-valencia.com\/wp-content\/uploads\/2019\/08\/museo-800x533.jpg 800w, https:\/\/www.visita-valencia.com\/wp-content\/uploads\/2019\/08\/museo.jpg 960w\" sizes=\"(max-width: 960px) 100vw, 960px\" \/><\/p>\n<p style=\"text-align: justify;\"><span style=\"font-weight: 400;\">Sebbene Santiago Calatrava abbia lavorato su progetti molto diversi, i due tipi di lavori che lo caratterizzano maggiormente sono, senza dubbio, i<strong> ponti e le stazioni ferroviarie o della metropolitana<\/strong>.<\/span><\/p>\n<p style=\"text-align: justify;\"><strong>Alcuni esempi di ponti sono:<\/strong><\/p>\n<ul style=\"text-align: justify;\">\n<li style=\"font-weight: 400;\"><span style=\"font-weight: 400;\">Il Ponte di Lusitania a Merida, Spagna (1991)<\/span><\/li>\n<li style=\"font-weight: 400;\"><span style=\"font-weight: 400;\">Il Ponte del Alamillo a Siviglia, Spagna (1992)<\/span><\/li>\n<li style=\"font-weight: 400;\"><span style=\"font-weight: 400;\">Il Ponte della Esposizione a Valencia, Spagna (1995)<\/span><\/li>\n<li style=\"font-weight: 400;\"><span style=\"font-weight: 400;\">Il Ponte della Donna a Buenos Aires, Argentina (2001)<\/span><\/li>\n<li style=\"font-weight: 400;\"><span style=\"font-weight: 400;\">Il Ponte strallato a Gerusalemme, Israele (2008)<\/span><\/li>\n<li style=\"font-weight: 400;\"><span style=\"font-weight: 400;\">Il Ponte della Costituzione a Venezia, Italia (2008)<\/span><\/li>\n<\/ul>\n<p style=\"text-align: justify;\"><strong>Alcune delle sue stazioni pi\u00f9 famose sono:<\/strong><\/p>\n<ul style=\"text-align: justify;\">\n<li style=\"font-weight: 400;\"><span style=\"font-weight: 400;\">Stazione Ferroviaria Stadelhofen a Zurigo, Svizzera (1990)<\/span><\/li>\n<li style=\"font-weight: 400;\"><span style=\"font-weight: 400;\">Stazione di Metropolitana Alameda a Valencia, Spagna (1995)<\/span><\/li>\n<li style=\"font-weight: 400;\"><span style=\"font-weight: 400;\">Stazione Ferroviaria di Oriente a Lisbona, Portogallo (1998)<\/span><\/li>\n<li style=\"font-weight: 400;\"><span style=\"font-weight: 400;\">Stazione Ferroviaria di Reggio Emilia, Italia (2008)<\/span><\/li>\n<li style=\"font-weight: 400;\"><span style=\"font-weight: 400;\">Stazione Ferroviaria di Liegi, Belgio (2009)<\/span><\/li>\n<li style=\"font-weight: 400;\"><span style=\"font-weight: 400;\">Scambiatore nel World Trade Center di New York, USA (2016).<\/span><\/li>\n<\/ul>\n<p style=\"text-align: justify;\"><span style=\"font-weight: 400;\">Durante la sua lunga e prestigiosa carriera professionale, ha ricevuto numerosi riconoscimenti e premi. Questi includono: il <a href=\"https:\/\/www.fpa.es\/en\/\" target=\"_blank\" rel=\"noopener\">Premio Principe di Asturias<\/a> delle Arti nel 1999, il <a href=\"https:\/\/www.fomento.gob.es\/areas-de-actividad\/arquitectura-vivienda-y-suelo\/arquitectura-y-edificacion\/promocion-y-difusion\/premio-nacional-de-arquitectura\/premio-nacional-de-arquitectura-2015\" target=\"_blank\" rel=\"noopener\">Premio Nazionale di Architettura<\/a> nel 2005 e il Premio Europeo di Architettura nel 2015.<\/span><\/p>\n<p style=\"text-align: justify;\"><span style=\"font-weight: 400;\">Grazie alle sue opere e ai suoi premi C<strong>alatrava, oggi, possiede un ingente patrimonio in Svizzera<\/strong><\/span><span style=\"font-weight: 400;\">. Si stima che <\/span><span style=\"font-weight: 400;\">questo ammonti<\/span> <span style=\"font-weight: 400;\">a<\/span><span style=\"font-weight: 400;\"> 140 milioni di euro, <\/span><span style=\"font-weight: 400;\">collocando cos\u00ec l&#8217;architetto<\/span> <span style=\"font-weight: 400;\">tra le<\/span><span style=\"font-weight: 400;\"> 300 <\/span><span style=\"font-weight: 400;\">persone <\/span><span style=\"font-weight: 400;\">pi\u00f9 <\/span><span style=\"font-weight: 400;\">ricche del Paese <\/span><span style=\"font-weight: 400;\">insieme a nomi come Tina Turner, Phil Collins, Norman Foster o Roger Federer.<\/span><\/p>\n<p style=\"text-align: justify;\"><span style=\"font-weight: 400;\">Bene, <\/span><span style=\"font-weight: 400;\">termina<\/span><span style=\"font-weight: 400;\"> qui l&#8217;articolo dedicato al nostro architetto pi\u00f9 internazionale. Spero <\/span><span style=\"font-weight: 400;\">Vi<\/span><span style=\"font-weight: 400;\"> sia piaciuto e<\/span><span style=\"font-weight: 400;\"> Vi<\/span><span style=\"font-weight: 400;\"> invito a venire a Valencia per conoscere la grande opera della sua vita, il progetto con cui si \u00e8 dedicato dentro e fuori i nostri confini: la <strong>Citt\u00e0 delle Arti e delle Scienze.<\/strong><\/span><\/p>\n","protected":false},"excerpt":{"rendered":"<p>Santiago Calatrava \u00e8\u00a0nato a Valencia, 68 anni fa, il 28 luglio 1951. La sua famiglia si dedicava all&#8217;esportazione di agrumi, cosa che permise loro di [&hellip;]<\/p>\n","protected":false},"author":2,"featured_media":0,"comment_status":"open","ping_status":"open","sticky":false,"template":"","format":"standard","meta":{"footnotes":""},"categories":[114],"tags":[],"class_list":["post-2677","post","type-post","status-publish","format-standard","hentry","category-informacion-practica-sobre-valencia-it"],"yoast_head":"<!-- This site is optimized with the Yoast SEO plugin v27.5 - https:\/\/yoast.com\/product\/yoast-seo-wordpress\/ -->\n<title>Architetto di Santiago Calatrava | Visita-Valencia<\/title>\n<meta name=\"description\" content=\"Santiago Calatrava nasce a Valenza nel 1951 dove realizzer\u00e0 due tra le opere pi\u00f9 celebri e amate della sua carriera, l\u2019auditorium e il planetario per la Citt\u00e0 delle Arti e delle Scienze.\" \/>\n<meta name=\"robots\" content=\"index, follow, max-snippet:-1, max-image-preview:large, max-video-preview:-1\" \/>\n<link rel=\"canonical\" href=\"https:\/\/www.visita-valencia.com\/santiago-calatrava-valencia\" \/>\n<meta property=\"og:locale\" content=\"it_IT\" \/>\n<meta property=\"og:type\" content=\"article\" \/>\n<meta property=\"og:title\" content=\"Architetto di Santiago Calatrava | Visita-Valencia\" \/>\n<meta property=\"og:description\" content=\"Santiago Calatrava nasce a Valenza nel 1951 dove realizzer\u00e0 due tra le opere pi\u00f9 celebri e amate della sua carriera, l\u2019auditorium e il planetario per la Citt\u00e0 delle Arti e delle Scienze.\" \/>\n<meta property=\"og:url\" content=\"https:\/\/www.visita-valencia.com\/santiago-calatrava-valencia\" \/>\n<meta property=\"og:site_name\" content=\"Gu\u00eda tur\u00edstica de Valencia\" \/>\n<meta property=\"article:published_time\" content=\"2019-08-22T15:46:50+00:00\" \/>\n<meta property=\"article:modified_time\" content=\"2019-08-22T16:02:17+00:00\" \/>\n<meta property=\"og:image\" content=\"http:\/\/www.visita-valencia.com\/wp-content\/uploads\/2019\/08\/milwaukee-art-museum-3979_960_720.jpg\" \/>\n<meta name=\"author\" content=\"Visita Valencia\" \/>\n<meta name=\"twitter:card\" content=\"summary_large_image\" \/>\n<meta name=\"twitter:label1\" content=\"Scritto da\" \/>\n\t<meta name=\"twitter:data1\" content=\"Visita Valencia\" \/>\n\t<meta name=\"twitter:label2\" content=\"Tempo di lettura stimato\" \/>\n\t<meta name=\"twitter:data2\" content=\"3 minuti\" \/>\n<script type=\"application\/ld+json\" class=\"yoast-schema-graph\">{\"@context\":\"https:\\\/\\\/schema.org\",\"@graph\":[{\"@type\":\"Article\",\"@id\":\"https:\\\/\\\/www.visita-valencia.com\\\/santiago-calatrava-valencia#article\",\"isPartOf\":{\"@id\":\"https:\\\/\\\/www.visita-valencia.com\\\/santiago-calatrava-valencia\"},\"author\":{\"name\":\"Visita Valencia\",\"@id\":\"https:\\\/\\\/www.visita-valencia.com\\\/#\\\/schema\\\/person\\\/d9a8ff7ef19ff98f437b7f72f95247ec\"},\"headline\":\"SANTIAGO CALATRAVA\",\"datePublished\":\"2019-08-22T15:46:50+00:00\",\"dateModified\":\"2019-08-22T16:02:17+00:00\",\"mainEntityOfPage\":{\"@id\":\"https:\\\/\\\/www.visita-valencia.com\\\/santiago-calatrava-valencia\"},\"wordCount\":633,\"commentCount\":2,\"publisher\":{\"@id\":\"https:\\\/\\\/www.visita-valencia.com\\\/#organization\"},\"image\":{\"@id\":\"https:\\\/\\\/www.visita-valencia.com\\\/santiago-calatrava-valencia#primaryimage\"},\"thumbnailUrl\":\"http:\\\/\\\/www.visita-valencia.com\\\/wp-content\\\/uploads\\\/2019\\\/08\\\/milwaukee-art-museum-3979_960_720.jpg\",\"articleSection\":[\"Informaci\u00f3n pr\u00e1ctica sobre Valencia\"],\"inLanguage\":\"it-IT\",\"potentialAction\":[{\"@type\":\"CommentAction\",\"name\":\"Comment\",\"target\":[\"https:\\\/\\\/www.visita-valencia.com\\\/santiago-calatrava-valencia#respond\"]}]},{\"@type\":\"WebPage\",\"@id\":\"https:\\\/\\\/www.visita-valencia.com\\\/santiago-calatrava-valencia\",\"url\":\"https:\\\/\\\/www.visita-valencia.com\\\/santiago-calatrava-valencia\",\"name\":\"Architetto di Santiago Calatrava | Visita-Valencia\",\"isPartOf\":{\"@id\":\"https:\\\/\\\/www.visita-valencia.com\\\/#website\"},\"primaryImageOfPage\":{\"@id\":\"https:\\\/\\\/www.visita-valencia.com\\\/santiago-calatrava-valencia#primaryimage\"},\"image\":{\"@id\":\"https:\\\/\\\/www.visita-valencia.com\\\/santiago-calatrava-valencia#primaryimage\"},\"thumbnailUrl\":\"http:\\\/\\\/www.visita-valencia.com\\\/wp-content\\\/uploads\\\/2019\\\/08\\\/milwaukee-art-museum-3979_960_720.jpg\",\"datePublished\":\"2019-08-22T15:46:50+00:00\",\"dateModified\":\"2019-08-22T16:02:17+00:00\",\"description\":\"Santiago Calatrava nasce a Valenza nel 1951 dove realizzer\u00e0 due tra le opere pi\u00f9 celebri e amate della sua carriera, l\u2019auditorium e il planetario per la Citt\u00e0 delle Arti e delle Scienze.\",\"breadcrumb\":{\"@id\":\"https:\\\/\\\/www.visita-valencia.com\\\/santiago-calatrava-valencia#breadcrumb\"},\"inLanguage\":\"it-IT\",\"potentialAction\":[{\"@type\":\"ReadAction\",\"target\":[\"https:\\\/\\\/www.visita-valencia.com\\\/santiago-calatrava-valencia\"]}]},{\"@type\":\"ImageObject\",\"inLanguage\":\"it-IT\",\"@id\":\"https:\\\/\\\/www.visita-valencia.com\\\/santiago-calatrava-valencia#primaryimage\",\"url\":\"http:\\\/\\\/www.visita-valencia.com\\\/wp-content\\\/uploads\\\/2019\\\/08\\\/milwaukee-art-museum-3979_960_720.jpg\",\"contentUrl\":\"http:\\\/\\\/www.visita-valencia.com\\\/wp-content\\\/uploads\\\/2019\\\/08\\\/milwaukee-art-museum-3979_960_720.jpg\"},{\"@type\":\"BreadcrumbList\",\"@id\":\"https:\\\/\\\/www.visita-valencia.com\\\/santiago-calatrava-valencia#breadcrumb\",\"itemListElement\":[{\"@type\":\"ListItem\",\"position\":1,\"name\":\"Portada\",\"item\":\"https:\\\/\\\/www.visita-valencia.com\\\/it\"},{\"@type\":\"ListItem\",\"position\":2,\"name\":\"SANTIAGO CALATRAVA\"}]},{\"@type\":\"WebSite\",\"@id\":\"https:\\\/\\\/www.visita-valencia.com\\\/#website\",\"url\":\"https:\\\/\\\/www.visita-valencia.com\\\/\",\"name\":\"Gu\u00eda tur\u00edstica de Valencia\",\"description\":\"Visitas guiadas en Valencia\",\"publisher\":{\"@id\":\"https:\\\/\\\/www.visita-valencia.com\\\/#organization\"},\"potentialAction\":[{\"@type\":\"SearchAction\",\"target\":{\"@type\":\"EntryPoint\",\"urlTemplate\":\"https:\\\/\\\/www.visita-valencia.com\\\/?s={search_term_string}\"},\"query-input\":{\"@type\":\"PropertyValueSpecification\",\"valueRequired\":true,\"valueName\":\"search_term_string\"}}],\"inLanguage\":\"it-IT\"},{\"@type\":\"Organization\",\"@id\":\"https:\\\/\\\/www.visita-valencia.com\\\/#organization\",\"name\":\"Visita-Valencia\",\"url\":\"https:\\\/\\\/www.visita-valencia.com\\\/\",\"logo\":{\"@type\":\"ImageObject\",\"inLanguage\":\"it-IT\",\"@id\":\"https:\\\/\\\/www.visita-valencia.com\\\/#\\\/schema\\\/logo\\\/image\\\/\",\"url\":\"http:\\\/\\\/www.visita-valencia.com\\\/wp-content\\\/uploads\\\/2018\\\/01\\\/logo-VV-blanco-web.png\",\"contentUrl\":\"http:\\\/\\\/www.visita-valencia.com\\\/wp-content\\\/uploads\\\/2018\\\/01\\\/logo-VV-blanco-web.png\",\"width\":241,\"height\":84,\"caption\":\"Visita-Valencia\"},\"image\":{\"@id\":\"https:\\\/\\\/www.visita-valencia.com\\\/#\\\/schema\\\/logo\\\/image\\\/\"}},{\"@type\":\"Person\",\"@id\":\"https:\\\/\\\/www.visita-valencia.com\\\/#\\\/schema\\\/person\\\/d9a8ff7ef19ff98f437b7f72f95247ec\",\"name\":\"Visita Valencia\",\"image\":{\"@type\":\"ImageObject\",\"inLanguage\":\"it-IT\",\"@id\":\"https:\\\/\\\/secure.gravatar.com\\\/avatar\\\/8e9b42087503fecd2c071643af69c8f725ada43b7ff13444df5ce5bf79c65f67?s=96&d=mm&r=g\",\"url\":\"https:\\\/\\\/secure.gravatar.com\\\/avatar\\\/8e9b42087503fecd2c071643af69c8f725ada43b7ff13444df5ce5bf79c65f67?s=96&d=mm&r=g\",\"contentUrl\":\"https:\\\/\\\/secure.gravatar.com\\\/avatar\\\/8e9b42087503fecd2c071643af69c8f725ada43b7ff13444df5ce5bf79c65f67?s=96&d=mm&r=g\",\"caption\":\"Visita Valencia\"},\"url\":\"https:\\\/\\\/www.visita-valencia.com\\\/it\\\/author\\\/elisabeth\"}]}<\/script>\n<!-- \/ Yoast SEO plugin. -->","yoast_head_json":{"title":"Architetto di Santiago Calatrava | Visita-Valencia","description":"Santiago Calatrava nasce a Valenza nel 1951 dove realizzer\u00e0 due tra le opere pi\u00f9 celebri e amate della sua carriera, l\u2019auditorium e il planetario per la Citt\u00e0 delle Arti e delle Scienze.","robots":{"index":"index","follow":"follow","max-snippet":"max-snippet:-1","max-image-preview":"max-image-preview:large","max-video-preview":"max-video-preview:-1"},"canonical":"https:\/\/www.visita-valencia.com\/santiago-calatrava-valencia","og_locale":"it_IT","og_type":"article","og_title":"Architetto di Santiago Calatrava | Visita-Valencia","og_description":"Santiago Calatrava nasce a Valenza nel 1951 dove realizzer\u00e0 due tra le opere pi\u00f9 celebri e amate della sua carriera, l\u2019auditorium e il planetario per la Citt\u00e0 delle Arti e delle Scienze.","og_url":"https:\/\/www.visita-valencia.com\/santiago-calatrava-valencia","og_site_name":"Gu\u00eda tur\u00edstica de Valencia","article_published_time":"2019-08-22T15:46:50+00:00","article_modified_time":"2019-08-22T16:02:17+00:00","og_image":[{"url":"http:\/\/www.visita-valencia.com\/wp-content\/uploads\/2019\/08\/milwaukee-art-museum-3979_960_720.jpg","type":"","width":"","height":""}],"author":"Visita Valencia","twitter_card":"summary_large_image","twitter_misc":{"Scritto da":"Visita Valencia","Tempo di lettura stimato":"3 minuti"},"schema":{"@context":"https:\/\/schema.org","@graph":[{"@type":"Article","@id":"https:\/\/www.visita-valencia.com\/santiago-calatrava-valencia#article","isPartOf":{"@id":"https:\/\/www.visita-valencia.com\/santiago-calatrava-valencia"},"author":{"name":"Visita Valencia","@id":"https:\/\/www.visita-valencia.com\/#\/schema\/person\/d9a8ff7ef19ff98f437b7f72f95247ec"},"headline":"SANTIAGO CALATRAVA","datePublished":"2019-08-22T15:46:50+00:00","dateModified":"2019-08-22T16:02:17+00:00","mainEntityOfPage":{"@id":"https:\/\/www.visita-valencia.com\/santiago-calatrava-valencia"},"wordCount":633,"commentCount":2,"publisher":{"@id":"https:\/\/www.visita-valencia.com\/#organization"},"image":{"@id":"https:\/\/www.visita-valencia.com\/santiago-calatrava-valencia#primaryimage"},"thumbnailUrl":"http:\/\/www.visita-valencia.com\/wp-content\/uploads\/2019\/08\/milwaukee-art-museum-3979_960_720.jpg","articleSection":["Informaci\u00f3n pr\u00e1ctica sobre Valencia"],"inLanguage":"it-IT","potentialAction":[{"@type":"CommentAction","name":"Comment","target":["https:\/\/www.visita-valencia.com\/santiago-calatrava-valencia#respond"]}]},{"@type":"WebPage","@id":"https:\/\/www.visita-valencia.com\/santiago-calatrava-valencia","url":"https:\/\/www.visita-valencia.com\/santiago-calatrava-valencia","name":"Architetto di Santiago Calatrava | Visita-Valencia","isPartOf":{"@id":"https:\/\/www.visita-valencia.com\/#website"},"primaryImageOfPage":{"@id":"https:\/\/www.visita-valencia.com\/santiago-calatrava-valencia#primaryimage"},"image":{"@id":"https:\/\/www.visita-valencia.com\/santiago-calatrava-valencia#primaryimage"},"thumbnailUrl":"http:\/\/www.visita-valencia.com\/wp-content\/uploads\/2019\/08\/milwaukee-art-museum-3979_960_720.jpg","datePublished":"2019-08-22T15:46:50+00:00","dateModified":"2019-08-22T16:02:17+00:00","description":"Santiago Calatrava nasce a Valenza nel 1951 dove realizzer\u00e0 due tra le opere pi\u00f9 celebri e amate della sua carriera, l\u2019auditorium e il planetario per la Citt\u00e0 delle Arti e delle Scienze.","breadcrumb":{"@id":"https:\/\/www.visita-valencia.com\/santiago-calatrava-valencia#breadcrumb"},"inLanguage":"it-IT","potentialAction":[{"@type":"ReadAction","target":["https:\/\/www.visita-valencia.com\/santiago-calatrava-valencia"]}]},{"@type":"ImageObject","inLanguage":"it-IT","@id":"https:\/\/www.visita-valencia.com\/santiago-calatrava-valencia#primaryimage","url":"http:\/\/www.visita-valencia.com\/wp-content\/uploads\/2019\/08\/milwaukee-art-museum-3979_960_720.jpg","contentUrl":"http:\/\/www.visita-valencia.com\/wp-content\/uploads\/2019\/08\/milwaukee-art-museum-3979_960_720.jpg"},{"@type":"BreadcrumbList","@id":"https:\/\/www.visita-valencia.com\/santiago-calatrava-valencia#breadcrumb","itemListElement":[{"@type":"ListItem","position":1,"name":"Portada","item":"https:\/\/www.visita-valencia.com\/it"},{"@type":"ListItem","position":2,"name":"SANTIAGO CALATRAVA"}]},{"@type":"WebSite","@id":"https:\/\/www.visita-valencia.com\/#website","url":"https:\/\/www.visita-valencia.com\/","name":"Gu\u00eda tur\u00edstica de Valencia","description":"Visitas guiadas en Valencia","publisher":{"@id":"https:\/\/www.visita-valencia.com\/#organization"},"potentialAction":[{"@type":"SearchAction","target":{"@type":"EntryPoint","urlTemplate":"https:\/\/www.visita-valencia.com\/?s={search_term_string}"},"query-input":{"@type":"PropertyValueSpecification","valueRequired":true,"valueName":"search_term_string"}}],"inLanguage":"it-IT"},{"@type":"Organization","@id":"https:\/\/www.visita-valencia.com\/#organization","name":"Visita-Valencia","url":"https:\/\/www.visita-valencia.com\/","logo":{"@type":"ImageObject","inLanguage":"it-IT","@id":"https:\/\/www.visita-valencia.com\/#\/schema\/logo\/image\/","url":"http:\/\/www.visita-valencia.com\/wp-content\/uploads\/2018\/01\/logo-VV-blanco-web.png","contentUrl":"http:\/\/www.visita-valencia.com\/wp-content\/uploads\/2018\/01\/logo-VV-blanco-web.png","width":241,"height":84,"caption":"Visita-Valencia"},"image":{"@id":"https:\/\/www.visita-valencia.com\/#\/schema\/logo\/image\/"}},{"@type":"Person","@id":"https:\/\/www.visita-valencia.com\/#\/schema\/person\/d9a8ff7ef19ff98f437b7f72f95247ec","name":"Visita Valencia","image":{"@type":"ImageObject","inLanguage":"it-IT","@id":"https:\/\/secure.gravatar.com\/avatar\/8e9b42087503fecd2c071643af69c8f725ada43b7ff13444df5ce5bf79c65f67?s=96&d=mm&r=g","url":"https:\/\/secure.gravatar.com\/avatar\/8e9b42087503fecd2c071643af69c8f725ada43b7ff13444df5ce5bf79c65f67?s=96&d=mm&r=g","contentUrl":"https:\/\/secure.gravatar.com\/avatar\/8e9b42087503fecd2c071643af69c8f725ada43b7ff13444df5ce5bf79c65f67?s=96&d=mm&r=g","caption":"Visita Valencia"},"url":"https:\/\/www.visita-valencia.com\/it\/author\/elisabeth"}]}},"_links":{"self":[{"href":"https:\/\/www.visita-valencia.com\/it\/wp-json\/wp\/v2\/posts\/2677","targetHints":{"allow":["GET"]}}],"collection":[{"href":"https:\/\/www.visita-valencia.com\/it\/wp-json\/wp\/v2\/posts"}],"about":[{"href":"https:\/\/www.visita-valencia.com\/it\/wp-json\/wp\/v2\/types\/post"}],"author":[{"embeddable":true,"href":"https:\/\/www.visita-valencia.com\/it\/wp-json\/wp\/v2\/users\/2"}],"replies":[{"embeddable":true,"href":"https:\/\/www.visita-valencia.com\/it\/wp-json\/wp\/v2\/comments?post=2677"}],"version-history":[{"count":2,"href":"https:\/\/www.visita-valencia.com\/it\/wp-json\/wp\/v2\/posts\/2677\/revisions"}],"predecessor-version":[{"id":2679,"href":"https:\/\/www.visita-valencia.com\/it\/wp-json\/wp\/v2\/posts\/2677\/revisions\/2679"}],"wp:attachment":[{"href":"https:\/\/www.visita-valencia.com\/it\/wp-json\/wp\/v2\/media?parent=2677"}],"wp:term":[{"taxonomy":"category","embeddable":true,"href":"https:\/\/www.visita-valencia.com\/it\/wp-json\/wp\/v2\/categories?post=2677"},{"taxonomy":"post_tag","embeddable":true,"href":"https:\/\/www.visita-valencia.com\/it\/wp-json\/wp\/v2\/tags?post=2677"}],"curies":[{"name":"wp","href":"https:\/\/api.w.org\/{rel}","templated":true}]}}