{"id":2708,"date":"2019-10-15T14:37:37","date_gmt":"2019-10-15T14:37:37","guid":{"rendered":"http:\/\/www.visita-valencia.com\/jaume-plensa"},"modified":"2019-10-23T14:17:00","modified_gmt":"2019-10-23T14:17:00","slug":"jaume-plensa","status":"publish","type":"post","link":"https:\/\/www.visita-valencia.com\/it\/jaume-plensa","title":{"rendered":"JAUME PLENSA"},"content":{"rendered":"<div class=\"fusion-fullwidth fullwidth-box fusion-builder-row-1 nonhundred-percent-fullwidth non-hundred-percent-height-scrolling\" style=\"background-color: #242424;background-position: center center;background-repeat: no-repeat;padding-top:0px;padding-right:0px;padding-bottom:0px;padding-left:0px;margin-bottom: 0px;margin-top: 0px;border-width: 0px 0px 0px 0px;border-color:#3e3e3e;border-style:solid;\" ><div class=\"fusion-builder-row fusion-row\"><div class=\"fusion-layout-column fusion_builder_column fusion-builder-column-0 fusion_builder_column_1_1 1_1 fusion-one-full fusion-column-first fusion-column-last\" style=\"margin-top:0px;margin-bottom:0px;\"><div class=\"fusion-column-wrapper fusion-flex-column-wrapper-legacy\" style=\"background-position:left top;background-repeat:no-repeat;-webkit-background-size:cover;-moz-background-size:cover;-o-background-size:cover;background-size:cover;padding: 0px 0px 0px 0px;\"><div class=\"fusion-text fusion-text-1\"><p style=\"text-align: justify;\">Tra meno di un mese la magnifica mostra di <strong>Jaume Plensa<\/strong> lascer\u00e0 la <a href=\"https:\/\/www.cac.es\/en\/home.html#\" target=\"_blank\" rel=\"noopener\">Citt\u00e0 delle Arti e delle Scienze<\/a> di Valencia. Queste sette sculture ci hanno accompagnato dallo scorso 26 giugno e rimarranno qui fino al prossimo 3 novembre. Sei grandi volti di donne: Minna, Isabella, Laura Asia, Maria, Laurelle, Carla e Silvia. Secondo l&#8217;artista, questa mostra \u00e8 un \u00abomaggio alla femminilit\u00e0\u00bb. Sono veri nomi, di vere donne. Plensa adora ed \u00e8 specializzato nella raffigurazione di volti e corpi di persone che esistono e che il pi\u00f9 delle volte lui conosce personalmente. Fotografa, scansiona gli oggetti da rappresentare e poi li allunga o distorce perch\u00e9 Jaume crede che anche la deformit\u00e0 possa avere della bellezza in s\u00e9, esattamente come accadde con artisti come El Greco o Jacometi.<\/p>\n<p><img decoding=\"async\" class=\"alignnone size-full wp-image-2695\" src=\"http:\/\/www.visita-valencia.com\/wp-content\/uploads\/2019\/10\/jaume-plensa.jpg\" alt=\"\" width=\"1920\" height=\"1280\" srcset=\"https:\/\/www.visita-valencia.com\/wp-content\/uploads\/2019\/10\/jaume-plensa-120x80.jpg 120w, https:\/\/www.visita-valencia.com\/wp-content\/uploads\/2019\/10\/jaume-plensa-200x133.jpg 200w, https:\/\/www.visita-valencia.com\/wp-content\/uploads\/2019\/10\/jaume-plensa-300x200.jpg 300w, https:\/\/www.visita-valencia.com\/wp-content\/uploads\/2019\/10\/jaume-plensa-400x267.jpg 400w, https:\/\/www.visita-valencia.com\/wp-content\/uploads\/2019\/10\/jaume-plensa-500x333.jpg 500w, https:\/\/www.visita-valencia.com\/wp-content\/uploads\/2019\/10\/jaume-plensa-600x400.jpg 600w, https:\/\/www.visita-valencia.com\/wp-content\/uploads\/2019\/10\/jaume-plensa-700x467.jpg 700w, https:\/\/www.visita-valencia.com\/wp-content\/uploads\/2019\/10\/jaume-plensa-768x512.jpg 768w, https:\/\/www.visita-valencia.com\/wp-content\/uploads\/2019\/10\/jaume-plensa-800x533.jpg 800w, https:\/\/www.visita-valencia.com\/wp-content\/uploads\/2019\/10\/jaume-plensa-1024x683.jpg 1024w, https:\/\/www.visita-valencia.com\/wp-content\/uploads\/2019\/10\/jaume-plensa-1200x800.jpg 1200w, https:\/\/www.visita-valencia.com\/wp-content\/uploads\/2019\/10\/jaume-plensa.jpg 1920w\" sizes=\"(max-width: 1920px) 100vw, 1920px\" \/><\/p>\n<p style=\"text-align: justify;\">L&#8217;esposizione \u00e8 stata promossa dalla <strong>Fondazione Hortensia Herrero<\/strong> che acquister\u00e0 due di questi volti: uno a titolo personale e un altro per la Fondazione. Questa \u00e8 gi\u00e0 la terza mostra organizzata da questo Ente nella Citt\u00e0 delle Arti e delle Scienze dopo quelle di Manolo Vald\u00e9s e Tony Cragg. La <a href=\"https:\/\/www.fundacionhortensiaherrero.org\/en\/\" target=\"_blank\" rel=\"noopener\">Fondazione Hortensia Herrero<\/a> si \u00e8 distinta negli ultimi anni per le sue grandi opere di mecenatismo nella citt\u00e0 di Valencia, le pi\u00f9 importanti sono state le riabilitazioni della Chiesa di San Nicola e del Collegio dell\u2019Arte Maggiore della Seta.<\/p>\n<p style=\"text-align: justify;\"><span style=\"font-weight: 400;\">E chi \u00e8 <\/span><a href=\"https:\/\/jaumeplensa.com\/\" target=\"_blank\" rel=\"noopener\">Jaume Plensa<\/a><span style=\"font-weight: 400;\">? Per molti valenciani \u00e8 stato un grande sconosciuto fino a giugno. \u00c8 nato a Barcellona nel 1955 e ha il suo laboratorio in un poligono industriale di San Feliu de Llobregat (Barcellona). L\u00ec ha una grande squadra di professionisti specializzati in diverse discipline poich\u00e9 nelle sue opere utilizza materiali e tecniche molto diversi. Negli anni &#8217;80 \u00e8 diventato famoso per le sue sculture in ghisa, poi sono apparsi altri materiali come vetro, alluminio, polistirolo o fibra di vetro. Plensa ha anche recuperato una tecnica di scultura classica: la scultura di pietra.<\/span><\/p>\n<p style=\"text-align: justify;\"><span style=\"font-weight: 400;\">Oggi Plensa \u00e8 un grande esponente del mondo dell&#8217;arte negli spazi pubblici e della scultura contemporanea. Citt\u00e0 come Montreal, San Diego, Chicago, Seul, Tokyo, Miami, New York, Londra, Salisburgo, Liverpool, Dubai o Dallas hanno le sue sculture permanentemente installate. Ha anche lavorato in mostre temporanee in rinomati musei e istituzioni come la Biennale di Venezia, lo Yorkshire Sculpture Park in Inghilterra o il Museo Picasso di Antibes.<\/span><\/p>\n<p style=\"text-align: justify;\"><span style=\"font-weight: 400;\">Il suo ingresso tra i grandi inizi\u00f2 a Chicago, citt\u00e0 di riferimento per l&#8217;arte contemporanea negli spazi pubblici, dove le strade sono piene di opere di grandi artisti come Joan Mir\u00f3 o Picasso.\u00a0<\/span><\/p>\n<p style=\"text-align: justify;\"><span style=\"font-weight: 400;\">Nel 2000, Plensa fu invitato a partecipare a un concorso pubblico il cui scopo era quello di creare una scultura in un parco cittadino per celebrare il nuovo millennio. La proposta di Plensa super\u00f2 tutte le aspettative.<\/span><\/p>\n<p style=\"text-align: justify;\"><span style=\"font-weight: 400;\">Per Plensa questo progetto fu un punto di svolta per la sua carriera. Quando glielo proposero lui disse: &#8220;<\/span><i><span style=\"font-weight: 400;\">Non mi sceglieranno mai, io sono un europeo poco conosciuto, questa \u00e8 l&#8217;America e sceglieranno un artista americano<\/span><\/i><span style=\"font-weight: 400;\">&#8221; ma ce la mise tutta e present\u00f2 comunque il suo progetto.\u00a0<\/span><\/p>\n<p style=\"text-align: justify;\"><span style=\"font-weight: 400;\">Il risultato fu la <\/span><a href=\"https:\/\/millenniumparkfoundation.org\/art-architecture\/crown-fountain\/\" target=\"_blank\" rel=\"noopener\"><b>Crown Fountain<\/b><\/a><span style=\"font-weight: 400;\">, una fontana pubblica formata da due torri unite da uno stagno, una spettacolare combinazione di acqua e luce. Oggi, ogni volta che Plensa va a Chicago, la prima cosa che fa \u00e8 andare a vedere il suo lavoro pieno di gente che si diverte. Quello, afferma, \u00e8 stato il suo pi\u00f9 grande regalo: vedere il sorriso dei bambini che sono felici di giocare con l&#8217;acqua della sua fontana. Per questo progetto registr\u00f2 1000 volti da proiettare in modo casuale. Voleva dare importanza all&#8217;idea dell\u2019anonimo.<\/span><\/p>\n<p style=\"text-align: justify;\"><img decoding=\"async\" class=\"alignnone size-full wp-image-2694\" src=\"http:\/\/www.visita-valencia.com\/wp-content\/uploads\/2019\/10\/crown-fountain_1.jpg\" alt=\"\" width=\"1920\" height=\"1280\" srcset=\"https:\/\/www.visita-valencia.com\/wp-content\/uploads\/2019\/10\/crown-fountain_1-120x80.jpg 120w, https:\/\/www.visita-valencia.com\/wp-content\/uploads\/2019\/10\/crown-fountain_1-200x133.jpg 200w, https:\/\/www.visita-valencia.com\/wp-content\/uploads\/2019\/10\/crown-fountain_1-300x200.jpg 300w, https:\/\/www.visita-valencia.com\/wp-content\/uploads\/2019\/10\/crown-fountain_1-400x267.jpg 400w, https:\/\/www.visita-valencia.com\/wp-content\/uploads\/2019\/10\/crown-fountain_1-500x333.jpg 500w, https:\/\/www.visita-valencia.com\/wp-content\/uploads\/2019\/10\/crown-fountain_1-600x400.jpg 600w, https:\/\/www.visita-valencia.com\/wp-content\/uploads\/2019\/10\/crown-fountain_1-700x467.jpg 700w, https:\/\/www.visita-valencia.com\/wp-content\/uploads\/2019\/10\/crown-fountain_1-768x512.jpg 768w, https:\/\/www.visita-valencia.com\/wp-content\/uploads\/2019\/10\/crown-fountain_1-800x533.jpg 800w, https:\/\/www.visita-valencia.com\/wp-content\/uploads\/2019\/10\/crown-fountain_1-1024x683.jpg 1024w, https:\/\/www.visita-valencia.com\/wp-content\/uploads\/2019\/10\/crown-fountain_1-1200x800.jpg 1200w, https:\/\/www.visita-valencia.com\/wp-content\/uploads\/2019\/10\/crown-fountain_1.jpg 1920w\" sizes=\"(max-width: 1920px) 100vw, 1920px\" \/><\/p>\n<p style=\"text-align: justify;\">Una delle sculture che lo hanno maggiormente segnato per il suo significato emotivo \u00e8 &#8220;<a href=\"http:\/\/www.biennial.com\/collaborations\/jaume-plensa-dream\" target=\"_blank\" rel=\"noopener\"><strong>Dream<\/strong><\/a>&#8220;, situata nel comune di Saint Helens, vicino a Liverpool. Fino agli anni &#8217;80, questo paesino viveva del lavoro nelle miniere poi il governo di Margaret Thatcher le chiuse tutte. La conseguenza di questo fu la perdita del lavoro per tante persone e con essa, la perdita di un intero stile di vita. A distanza di anni, gli ex minatori sentirono il bisogno di creare una scultura emblematica con l\u2019obiettivo di restituire quei luoghi alla gente e al loro svago.<\/p>\n<p style=\"text-align: justify;\"><span style=\"font-weight: 400;\">La <\/span><a href=\"http:\/\/www.biennial.com\/collaborations\/jaume-plensa-dream\" target=\"_blank\" rel=\"noopener\"><b>Biennale di Liverpool<\/b><\/a><span style=\"font-weight: 400;\"> appoggi\u00f2 la loro idea e propose alla giuria diversi artisti per farlo, tra cui Jaume Plensa.<\/span> <span style=\"font-weight: 400;\">I giurati temevano che la decisione sarebbe stata complessa, ma all&#8217;ultima riunione scelsero tutti lo scultore catalano.<\/span> <span style=\"font-weight: 400;\">Il risultato fu \u2018<\/span><b>Dream<\/b><span style=\"font-weight: 400;\">\u2019 una scultura che mostra un ricordo del passato ma con uno sguardo al futuro.<\/span><\/p>\n<p><img decoding=\"async\" class=\"alignnone size-full wp-image-2690\" src=\"http:\/\/www.visita-valencia.com\/wp-content\/uploads\/2019\/10\/Dream-st-helens1-1.jpg\" alt=\"\" width=\"1920\" height=\"1246\" srcset=\"https:\/\/www.visita-valencia.com\/wp-content\/uploads\/2019\/10\/Dream-st-helens1-1-120x78.jpg 120w, https:\/\/www.visita-valencia.com\/wp-content\/uploads\/2019\/10\/Dream-st-helens1-1-200x130.jpg 200w, https:\/\/www.visita-valencia.com\/wp-content\/uploads\/2019\/10\/Dream-st-helens1-1-300x195.jpg 300w, https:\/\/www.visita-valencia.com\/wp-content\/uploads\/2019\/10\/Dream-st-helens1-1-400x260.jpg 400w, https:\/\/www.visita-valencia.com\/wp-content\/uploads\/2019\/10\/Dream-st-helens1-1-500x324.jpg 500w, https:\/\/www.visita-valencia.com\/wp-content\/uploads\/2019\/10\/Dream-st-helens1-1-600x389.jpg 600w, https:\/\/www.visita-valencia.com\/wp-content\/uploads\/2019\/10\/Dream-st-helens1-1-700x454.jpg 700w, https:\/\/www.visita-valencia.com\/wp-content\/uploads\/2019\/10\/Dream-st-helens1-1-768x498.jpg 768w, https:\/\/www.visita-valencia.com\/wp-content\/uploads\/2019\/10\/Dream-st-helens1-1-800x519.jpg 800w, https:\/\/www.visita-valencia.com\/wp-content\/uploads\/2019\/10\/Dream-st-helens1-1-1024x665.jpg 1024w, https:\/\/www.visita-valencia.com\/wp-content\/uploads\/2019\/10\/Dream-st-helens1-1-1200x779.jpg 1200w, https:\/\/www.visita-valencia.com\/wp-content\/uploads\/2019\/10\/Dream-st-helens1-1.jpg 1920w\" sizes=\"(max-width: 1920px) 100vw, 1920px\" \/><\/p>\n<p style=\"text-align: justify;\"><span style=\"font-weight: 400;\">Infatti Dream rappresenta il volto di una bambina di 9 anni che con gli occhi chiusi sogna, rievoca il passato ma anche come sar\u00e0 il futuro, non solo il suo futuro, ma anche quello degli abitanti di Saint Helens.<\/span><span style=\"font-weight: 400;\"> Come ogni scultura di Plensa, anche questa \u00e8 basata su una modella reale: Anna. <\/span><span style=\"font-weight: 400;\">\u00c8 una testa di 20 metri costruita con blocchi di un conglomerato di marmo e pigmenti.<\/span> <span style=\"font-weight: 400;\">\u00c8 un bellissimo progetto che rende questo spazio un posto speciale.<\/span> <span style=\"font-weight: 400;\">La chiusura della miniera aveva lacerato l&#8217;anima del paese, ma Plensa l&#8217;ha riparata.<\/span><\/p>\n<p><img decoding=\"async\" class=\"alignnone size-full wp-image-2687\" src=\"http:\/\/www.visita-valencia.com\/wp-content\/uploads\/2019\/10\/Dream-st-helens8.jpg\" alt=\"\" width=\"1878\" height=\"1920\" srcset=\"https:\/\/www.visita-valencia.com\/wp-content\/uploads\/2019\/10\/Dream-st-helens8-66x66.jpg 66w, https:\/\/www.visita-valencia.com\/wp-content\/uploads\/2019\/10\/Dream-st-helens8-120x123.jpg 120w, https:\/\/www.visita-valencia.com\/wp-content\/uploads\/2019\/10\/Dream-st-helens8-200x204.jpg 200w, https:\/\/www.visita-valencia.com\/wp-content\/uploads\/2019\/10\/Dream-st-helens8-293x300.jpg 293w, https:\/\/www.visita-valencia.com\/wp-content\/uploads\/2019\/10\/Dream-st-helens8-400x409.jpg 400w, https:\/\/www.visita-valencia.com\/wp-content\/uploads\/2019\/10\/Dream-st-helens8-500x511.jpg 500w, https:\/\/www.visita-valencia.com\/wp-content\/uploads\/2019\/10\/Dream-st-helens8-600x613.jpg 600w, https:\/\/www.visita-valencia.com\/wp-content\/uploads\/2019\/10\/Dream-st-helens8-700x716.jpg 700w, https:\/\/www.visita-valencia.com\/wp-content\/uploads\/2019\/10\/Dream-st-helens8-768x785.jpg 768w, https:\/\/www.visita-valencia.com\/wp-content\/uploads\/2019\/10\/Dream-st-helens8-800x818.jpg 800w, https:\/\/www.visita-valencia.com\/wp-content\/uploads\/2019\/10\/Dream-st-helens8-1002x1024.jpg 1002w, https:\/\/www.visita-valencia.com\/wp-content\/uploads\/2019\/10\/Dream-st-helens8-1200x1227.jpg 1200w, https:\/\/www.visita-valencia.com\/wp-content\/uploads\/2019\/10\/Dream-st-helens8.jpg 1878w\" sizes=\"(max-width: 1878px) 100vw, 1878px\" \/><\/p>\n<p style=\"text-align: justify;\"><span style=\"font-weight: 400;\">Di <strong>Jaume Plensa<\/strong> si pensa che sia stato uno dei pochi artisti in grado di rendere l&#8217;arte pubblica qualcosa davvero per la gente, perch\u00e9 \u00e8 stato capace di fare opere che collegano le persone con l\u2019ambiente in cui si trovano.<\/span><span style=\"font-weight: 400;\">\u00a0<\/span><\/p>\n<p style=\"text-align: justify;\"><span style=\"font-weight: 400;\">Beh, questo \u00e8 il mio articolo su questo grande scultore e la grande mostra che ospita la nostra citt\u00e0. Spero vi sia piaciuto e possiate venire a vederlo con i vostri occhi prima del 9 novembre!<\/span><\/p>\n<\/div><div class=\"fusion-clearfix\"><\/div><\/div><\/div><\/div><\/div>\n","protected":false},"excerpt":{"rendered":"","protected":false},"author":2,"featured_media":0,"comment_status":"open","ping_status":"open","sticky":false,"template":"","format":"standard","meta":{"footnotes":""},"categories":[108,93],"tags":[],"class_list":["post-2708","post","type-post","status-publish","format-standard","hentry","category-novedades-en-valencia-it","category-tours-en-valencia-it"],"yoast_head":"<!-- This site is optimized with the Yoast SEO plugin v27.5 - https:\/\/yoast.com\/product\/yoast-seo-wordpress\/ -->\n<title>Magnifica mostra di Jaume Plensa | Visita-Valencia<\/title>\n<meta name=\"description\" content=\"Tra meno di un mese la magnifica mostra di Jaume Plensa lascer\u00e0 la Citt\u00e0 delle Arti e delle Scienze di Valencia. Spero vi sia piaciuto e possiate venire a vederlo!\" \/>\n<meta name=\"robots\" content=\"index, follow, max-snippet:-1, max-image-preview:large, max-video-preview:-1\" \/>\n<link rel=\"canonical\" href=\"https:\/\/www.visita-valencia.com\/jaume-plensa\" \/>\n<meta property=\"og:locale\" content=\"it_IT\" \/>\n<meta property=\"og:type\" content=\"article\" \/>\n<meta property=\"og:title\" content=\"Magnifica mostra di Jaume Plensa | Visita-Valencia\" \/>\n<meta property=\"og:description\" content=\"Tra meno di un mese la magnifica mostra di Jaume Plensa lascer\u00e0 la Citt\u00e0 delle Arti e delle Scienze di Valencia. Spero vi sia piaciuto e possiate venire a vederlo!\" \/>\n<meta property=\"og:url\" content=\"https:\/\/www.visita-valencia.com\/jaume-plensa\" \/>\n<meta property=\"og:site_name\" content=\"Gu\u00eda tur\u00edstica de Valencia\" \/>\n<meta property=\"article:published_time\" content=\"2019-10-15T14:37:37+00:00\" \/>\n<meta property=\"article:modified_time\" content=\"2019-10-23T14:17:00+00:00\" \/>\n<meta property=\"og:image\" content=\"http:\/\/www.visita-valencia.com\/wp-content\/uploads\/2019\/10\/jaume-plensa.jpg\" \/>\n<meta name=\"author\" content=\"Visita Valencia\" \/>\n<meta name=\"twitter:card\" content=\"summary_large_image\" \/>\n<meta name=\"twitter:label1\" content=\"Scritto da\" \/>\n\t<meta name=\"twitter:data1\" content=\"Visita Valencia\" \/>\n\t<meta name=\"twitter:label2\" content=\"Tempo di lettura stimato\" \/>\n\t<meta name=\"twitter:data2\" content=\"5 minuti\" \/>\n<script type=\"application\/ld+json\" class=\"yoast-schema-graph\">{\"@context\":\"https:\\\/\\\/schema.org\",\"@graph\":[{\"@type\":\"Article\",\"@id\":\"https:\\\/\\\/www.visita-valencia.com\\\/jaume-plensa#article\",\"isPartOf\":{\"@id\":\"https:\\\/\\\/www.visita-valencia.com\\\/jaume-plensa\"},\"author\":{\"name\":\"Visita Valencia\",\"@id\":\"https:\\\/\\\/www.visita-valencia.com\\\/#\\\/schema\\\/person\\\/d9a8ff7ef19ff98f437b7f72f95247ec\"},\"headline\":\"JAUME PLENSA\",\"datePublished\":\"2019-10-15T14:37:37+00:00\",\"dateModified\":\"2019-10-23T14:17:00+00:00\",\"mainEntityOfPage\":{\"@id\":\"https:\\\/\\\/www.visita-valencia.com\\\/jaume-plensa\"},\"wordCount\":1052,\"commentCount\":2,\"publisher\":{\"@id\":\"https:\\\/\\\/www.visita-valencia.com\\\/#organization\"},\"image\":{\"@id\":\"https:\\\/\\\/www.visita-valencia.com\\\/jaume-plensa#primaryimage\"},\"thumbnailUrl\":\"http:\\\/\\\/www.visita-valencia.com\\\/wp-content\\\/uploads\\\/2019\\\/10\\\/jaume-plensa.jpg\",\"articleSection\":[\"Novedades en Valencia\",\"Tours en Valencia\"],\"inLanguage\":\"it-IT\",\"potentialAction\":[{\"@type\":\"CommentAction\",\"name\":\"Comment\",\"target\":[\"https:\\\/\\\/www.visita-valencia.com\\\/jaume-plensa#respond\"]}]},{\"@type\":\"WebPage\",\"@id\":\"https:\\\/\\\/www.visita-valencia.com\\\/jaume-plensa\",\"url\":\"https:\\\/\\\/www.visita-valencia.com\\\/jaume-plensa\",\"name\":\"Magnifica mostra di Jaume Plensa | Visita-Valencia\",\"isPartOf\":{\"@id\":\"https:\\\/\\\/www.visita-valencia.com\\\/#website\"},\"primaryImageOfPage\":{\"@id\":\"https:\\\/\\\/www.visita-valencia.com\\\/jaume-plensa#primaryimage\"},\"image\":{\"@id\":\"https:\\\/\\\/www.visita-valencia.com\\\/jaume-plensa#primaryimage\"},\"thumbnailUrl\":\"http:\\\/\\\/www.visita-valencia.com\\\/wp-content\\\/uploads\\\/2019\\\/10\\\/jaume-plensa.jpg\",\"datePublished\":\"2019-10-15T14:37:37+00:00\",\"dateModified\":\"2019-10-23T14:17:00+00:00\",\"description\":\"Tra meno di un mese la magnifica mostra di Jaume Plensa lascer\u00e0 la Citt\u00e0 delle Arti e delle Scienze di Valencia. Spero vi sia piaciuto e possiate venire a vederlo!\",\"breadcrumb\":{\"@id\":\"https:\\\/\\\/www.visita-valencia.com\\\/jaume-plensa#breadcrumb\"},\"inLanguage\":\"it-IT\",\"potentialAction\":[{\"@type\":\"ReadAction\",\"target\":[\"https:\\\/\\\/www.visita-valencia.com\\\/jaume-plensa\"]}]},{\"@type\":\"ImageObject\",\"inLanguage\":\"it-IT\",\"@id\":\"https:\\\/\\\/www.visita-valencia.com\\\/jaume-plensa#primaryimage\",\"url\":\"http:\\\/\\\/www.visita-valencia.com\\\/wp-content\\\/uploads\\\/2019\\\/10\\\/jaume-plensa.jpg\",\"contentUrl\":\"http:\\\/\\\/www.visita-valencia.com\\\/wp-content\\\/uploads\\\/2019\\\/10\\\/jaume-plensa.jpg\"},{\"@type\":\"BreadcrumbList\",\"@id\":\"https:\\\/\\\/www.visita-valencia.com\\\/jaume-plensa#breadcrumb\",\"itemListElement\":[{\"@type\":\"ListItem\",\"position\":1,\"name\":\"Portada\",\"item\":\"https:\\\/\\\/www.visita-valencia.com\\\/it\"},{\"@type\":\"ListItem\",\"position\":2,\"name\":\"JAUME PLENSA\"}]},{\"@type\":\"WebSite\",\"@id\":\"https:\\\/\\\/www.visita-valencia.com\\\/#website\",\"url\":\"https:\\\/\\\/www.visita-valencia.com\\\/\",\"name\":\"Gu\u00eda tur\u00edstica de Valencia\",\"description\":\"Visitas guiadas en Valencia\",\"publisher\":{\"@id\":\"https:\\\/\\\/www.visita-valencia.com\\\/#organization\"},\"potentialAction\":[{\"@type\":\"SearchAction\",\"target\":{\"@type\":\"EntryPoint\",\"urlTemplate\":\"https:\\\/\\\/www.visita-valencia.com\\\/?s={search_term_string}\"},\"query-input\":{\"@type\":\"PropertyValueSpecification\",\"valueRequired\":true,\"valueName\":\"search_term_string\"}}],\"inLanguage\":\"it-IT\"},{\"@type\":\"Organization\",\"@id\":\"https:\\\/\\\/www.visita-valencia.com\\\/#organization\",\"name\":\"Visita-Valencia\",\"url\":\"https:\\\/\\\/www.visita-valencia.com\\\/\",\"logo\":{\"@type\":\"ImageObject\",\"inLanguage\":\"it-IT\",\"@id\":\"https:\\\/\\\/www.visita-valencia.com\\\/#\\\/schema\\\/logo\\\/image\\\/\",\"url\":\"http:\\\/\\\/www.visita-valencia.com\\\/wp-content\\\/uploads\\\/2018\\\/01\\\/logo-VV-blanco-web.png\",\"contentUrl\":\"http:\\\/\\\/www.visita-valencia.com\\\/wp-content\\\/uploads\\\/2018\\\/01\\\/logo-VV-blanco-web.png\",\"width\":241,\"height\":84,\"caption\":\"Visita-Valencia\"},\"image\":{\"@id\":\"https:\\\/\\\/www.visita-valencia.com\\\/#\\\/schema\\\/logo\\\/image\\\/\"}},{\"@type\":\"Person\",\"@id\":\"https:\\\/\\\/www.visita-valencia.com\\\/#\\\/schema\\\/person\\\/d9a8ff7ef19ff98f437b7f72f95247ec\",\"name\":\"Visita Valencia\",\"image\":{\"@type\":\"ImageObject\",\"inLanguage\":\"it-IT\",\"@id\":\"https:\\\/\\\/secure.gravatar.com\\\/avatar\\\/8e9b42087503fecd2c071643af69c8f725ada43b7ff13444df5ce5bf79c65f67?s=96&d=mm&r=g\",\"url\":\"https:\\\/\\\/secure.gravatar.com\\\/avatar\\\/8e9b42087503fecd2c071643af69c8f725ada43b7ff13444df5ce5bf79c65f67?s=96&d=mm&r=g\",\"contentUrl\":\"https:\\\/\\\/secure.gravatar.com\\\/avatar\\\/8e9b42087503fecd2c071643af69c8f725ada43b7ff13444df5ce5bf79c65f67?s=96&d=mm&r=g\",\"caption\":\"Visita Valencia\"},\"url\":\"https:\\\/\\\/www.visita-valencia.com\\\/it\\\/author\\\/elisabeth\"}]}<\/script>\n<!-- \/ Yoast SEO plugin. -->","yoast_head_json":{"title":"Magnifica mostra di Jaume Plensa | Visita-Valencia","description":"Tra meno di un mese la magnifica mostra di Jaume Plensa lascer\u00e0 la Citt\u00e0 delle Arti e delle Scienze di Valencia. Spero vi sia piaciuto e possiate venire a vederlo!","robots":{"index":"index","follow":"follow","max-snippet":"max-snippet:-1","max-image-preview":"max-image-preview:large","max-video-preview":"max-video-preview:-1"},"canonical":"https:\/\/www.visita-valencia.com\/jaume-plensa","og_locale":"it_IT","og_type":"article","og_title":"Magnifica mostra di Jaume Plensa | Visita-Valencia","og_description":"Tra meno di un mese la magnifica mostra di Jaume Plensa lascer\u00e0 la Citt\u00e0 delle Arti e delle Scienze di Valencia. Spero vi sia piaciuto e possiate venire a vederlo!","og_url":"https:\/\/www.visita-valencia.com\/jaume-plensa","og_site_name":"Gu\u00eda tur\u00edstica de Valencia","article_published_time":"2019-10-15T14:37:37+00:00","article_modified_time":"2019-10-23T14:17:00+00:00","og_image":[{"url":"http:\/\/www.visita-valencia.com\/wp-content\/uploads\/2019\/10\/jaume-plensa.jpg","type":"","width":"","height":""}],"author":"Visita Valencia","twitter_card":"summary_large_image","twitter_misc":{"Scritto da":"Visita Valencia","Tempo di lettura stimato":"5 minuti"},"schema":{"@context":"https:\/\/schema.org","@graph":[{"@type":"Article","@id":"https:\/\/www.visita-valencia.com\/jaume-plensa#article","isPartOf":{"@id":"https:\/\/www.visita-valencia.com\/jaume-plensa"},"author":{"name":"Visita Valencia","@id":"https:\/\/www.visita-valencia.com\/#\/schema\/person\/d9a8ff7ef19ff98f437b7f72f95247ec"},"headline":"JAUME PLENSA","datePublished":"2019-10-15T14:37:37+00:00","dateModified":"2019-10-23T14:17:00+00:00","mainEntityOfPage":{"@id":"https:\/\/www.visita-valencia.com\/jaume-plensa"},"wordCount":1052,"commentCount":2,"publisher":{"@id":"https:\/\/www.visita-valencia.com\/#organization"},"image":{"@id":"https:\/\/www.visita-valencia.com\/jaume-plensa#primaryimage"},"thumbnailUrl":"http:\/\/www.visita-valencia.com\/wp-content\/uploads\/2019\/10\/jaume-plensa.jpg","articleSection":["Novedades en Valencia","Tours en Valencia"],"inLanguage":"it-IT","potentialAction":[{"@type":"CommentAction","name":"Comment","target":["https:\/\/www.visita-valencia.com\/jaume-plensa#respond"]}]},{"@type":"WebPage","@id":"https:\/\/www.visita-valencia.com\/jaume-plensa","url":"https:\/\/www.visita-valencia.com\/jaume-plensa","name":"Magnifica mostra di Jaume Plensa | Visita-Valencia","isPartOf":{"@id":"https:\/\/www.visita-valencia.com\/#website"},"primaryImageOfPage":{"@id":"https:\/\/www.visita-valencia.com\/jaume-plensa#primaryimage"},"image":{"@id":"https:\/\/www.visita-valencia.com\/jaume-plensa#primaryimage"},"thumbnailUrl":"http:\/\/www.visita-valencia.com\/wp-content\/uploads\/2019\/10\/jaume-plensa.jpg","datePublished":"2019-10-15T14:37:37+00:00","dateModified":"2019-10-23T14:17:00+00:00","description":"Tra meno di un mese la magnifica mostra di Jaume Plensa lascer\u00e0 la Citt\u00e0 delle Arti e delle Scienze di Valencia. Spero vi sia piaciuto e possiate venire a vederlo!","breadcrumb":{"@id":"https:\/\/www.visita-valencia.com\/jaume-plensa#breadcrumb"},"inLanguage":"it-IT","potentialAction":[{"@type":"ReadAction","target":["https:\/\/www.visita-valencia.com\/jaume-plensa"]}]},{"@type":"ImageObject","inLanguage":"it-IT","@id":"https:\/\/www.visita-valencia.com\/jaume-plensa#primaryimage","url":"http:\/\/www.visita-valencia.com\/wp-content\/uploads\/2019\/10\/jaume-plensa.jpg","contentUrl":"http:\/\/www.visita-valencia.com\/wp-content\/uploads\/2019\/10\/jaume-plensa.jpg"},{"@type":"BreadcrumbList","@id":"https:\/\/www.visita-valencia.com\/jaume-plensa#breadcrumb","itemListElement":[{"@type":"ListItem","position":1,"name":"Portada","item":"https:\/\/www.visita-valencia.com\/it"},{"@type":"ListItem","position":2,"name":"JAUME PLENSA"}]},{"@type":"WebSite","@id":"https:\/\/www.visita-valencia.com\/#website","url":"https:\/\/www.visita-valencia.com\/","name":"Gu\u00eda tur\u00edstica de Valencia","description":"Visitas guiadas en Valencia","publisher":{"@id":"https:\/\/www.visita-valencia.com\/#organization"},"potentialAction":[{"@type":"SearchAction","target":{"@type":"EntryPoint","urlTemplate":"https:\/\/www.visita-valencia.com\/?s={search_term_string}"},"query-input":{"@type":"PropertyValueSpecification","valueRequired":true,"valueName":"search_term_string"}}],"inLanguage":"it-IT"},{"@type":"Organization","@id":"https:\/\/www.visita-valencia.com\/#organization","name":"Visita-Valencia","url":"https:\/\/www.visita-valencia.com\/","logo":{"@type":"ImageObject","inLanguage":"it-IT","@id":"https:\/\/www.visita-valencia.com\/#\/schema\/logo\/image\/","url":"http:\/\/www.visita-valencia.com\/wp-content\/uploads\/2018\/01\/logo-VV-blanco-web.png","contentUrl":"http:\/\/www.visita-valencia.com\/wp-content\/uploads\/2018\/01\/logo-VV-blanco-web.png","width":241,"height":84,"caption":"Visita-Valencia"},"image":{"@id":"https:\/\/www.visita-valencia.com\/#\/schema\/logo\/image\/"}},{"@type":"Person","@id":"https:\/\/www.visita-valencia.com\/#\/schema\/person\/d9a8ff7ef19ff98f437b7f72f95247ec","name":"Visita Valencia","image":{"@type":"ImageObject","inLanguage":"it-IT","@id":"https:\/\/secure.gravatar.com\/avatar\/8e9b42087503fecd2c071643af69c8f725ada43b7ff13444df5ce5bf79c65f67?s=96&d=mm&r=g","url":"https:\/\/secure.gravatar.com\/avatar\/8e9b42087503fecd2c071643af69c8f725ada43b7ff13444df5ce5bf79c65f67?s=96&d=mm&r=g","contentUrl":"https:\/\/secure.gravatar.com\/avatar\/8e9b42087503fecd2c071643af69c8f725ada43b7ff13444df5ce5bf79c65f67?s=96&d=mm&r=g","caption":"Visita Valencia"},"url":"https:\/\/www.visita-valencia.com\/it\/author\/elisabeth"}]}},"_links":{"self":[{"href":"https:\/\/www.visita-valencia.com\/it\/wp-json\/wp\/v2\/posts\/2708","targetHints":{"allow":["GET"]}}],"collection":[{"href":"https:\/\/www.visita-valencia.com\/it\/wp-json\/wp\/v2\/posts"}],"about":[{"href":"https:\/\/www.visita-valencia.com\/it\/wp-json\/wp\/v2\/types\/post"}],"author":[{"embeddable":true,"href":"https:\/\/www.visita-valencia.com\/it\/wp-json\/wp\/v2\/users\/2"}],"replies":[{"embeddable":true,"href":"https:\/\/www.visita-valencia.com\/it\/wp-json\/wp\/v2\/comments?post=2708"}],"version-history":[{"count":3,"href":"https:\/\/www.visita-valencia.com\/it\/wp-json\/wp\/v2\/posts\/2708\/revisions"}],"predecessor-version":[{"id":2711,"href":"https:\/\/www.visita-valencia.com\/it\/wp-json\/wp\/v2\/posts\/2708\/revisions\/2711"}],"wp:attachment":[{"href":"https:\/\/www.visita-valencia.com\/it\/wp-json\/wp\/v2\/media?parent=2708"}],"wp:term":[{"taxonomy":"category","embeddable":true,"href":"https:\/\/www.visita-valencia.com\/it\/wp-json\/wp\/v2\/categories?post=2708"},{"taxonomy":"post_tag","embeddable":true,"href":"https:\/\/www.visita-valencia.com\/it\/wp-json\/wp\/v2\/tags?post=2708"}],"curies":[{"name":"wp","href":"https:\/\/api.w.org\/{rel}","templated":true}]}}